{"id":8903,"date":"2016-05-31T20:37:11","date_gmt":"2016-05-31T18:37:11","guid":{"rendered":"http:\/\/www.1klick4u.de\/?p=8903"},"modified":"2016-05-31T20:40:36","modified_gmt":"2016-05-31T18:40:36","slug":"babybauch-vorfreude-pur-eine-wundervolle-erinnerung-der-etwas-anderen-art","status":"publish","type":"post","link":"https:\/\/sevikoch.de\/index.php\/babybauch-vorfreude-pur-eine-wundervolle-erinnerung-der-etwas-anderen-art\/","title":{"rendered":"Babybauch &#8211; Vorfreude pur &#8211; Eine wundervolle Erinnerung der etwas anderen Art"},"content":{"rendered":"<p>Es war ein Tag, an dem ich an meinem Schreibtisch sa\u00df und Musik im Hintergrund lief.<\/p>\n<p>Kurz bevor ich mich auf den Weg machte um Andrea und Hakan zu treffen. Es sollte eine wundersch\u00f6ne Erinnerung an die unvergesslich sch\u00f6ne Zeit der Schwangerschaft f\u00fcr die beiden werden. Mir war klar, als die ruhige Musik in meinen Ohren ert\u00f6nte, dass ich unbedingt, Wasser, und Sonnenuntergang haben m\u00f6chte, f\u00fcr das, was ich vor hatte.<\/p>\n<p>Beides war an dem besagten Abend da! HANDS UP!<\/p>\n<p>So kam es, dass wir drei uns einen sch\u00f6nen Abend machten und ich eine Erinnerung der besonderen Art f\u00fcr die beiden festhalten konnte!<\/p>\n<p>Ein Erinnerungsvideo ist eine emotionale, bewegte Erinnerung an eine Zeit, die man nie im Leben vergessen wird und immer auf sie zur\u00fcck blicken kann!<\/p>\n<p>Ich danke den beiden f\u00fcr den unvergesslich sch\u00f6nen Abend!<\/p>\n<p>&nbsp;<\/p>\n<p><img loading=\"lazy\" decoding=\"async\" class=\"alignleft size-full wp-image-8904\" src=\"http:\/\/www.1klick4u.de\/wp-content\/uploads\/2016\/05\/31-8903-post\/ah-5.jpg\" alt=\"Babybauchfotos-Landshut-SeviKoch\" width=\"1146\" height=\"1718\" srcset=\"https:\/\/sevikoch.de\/wp-content\/uploads\/2016\/05\/31-8903-post\/ah-5.jpg 1146w, https:\/\/sevikoch.de\/wp-content\/uploads\/2016\/05\/31-8903-post\/ah-5-200x300.jpg 200w, https:\/\/sevikoch.de\/wp-content\/uploads\/2016\/05\/31-8903-post\/ah-5-768x1151.jpg 768w, https:\/\/sevikoch.de\/wp-content\/uploads\/2016\/05\/31-8903-post\/ah-5-683x1024.jpg 683w, https:\/\/sevikoch.de\/wp-content\/uploads\/2016\/05\/31-8903-post\/ah-5-350x525.jpg 350w, https:\/\/sevikoch.de\/wp-content\/uploads\/2016\/05\/31-8903-post\/ah-5-700x1050.jpg 700w\" sizes=\"auto, (max-width: 1146px) 100vw, 1146px\" \/><\/p>\n<p>&nbsp;<\/p>\n<p>&nbsp;<\/p>\n<p><iframe loading=\"lazy\" src=\"https:\/\/player.vimeo.com\/video\/167481866?title=0&amp;byline=0&amp;portrait=0\" width=\"660\" height=\"371\" frameborder=\"0\" allowfullscreen=\"allowfullscreen\"><\/iframe><\/p>\n","protected":false},"excerpt":{"rendered":"<p>Es war ein Tag, an dem ich an meinem Schreibtisch sa\u00df und Musik im Hintergrund lief. Kurz bevor ich mich auf den Weg machte um Andrea und Hakan zu treffen. Es sollte eine wundersch\u00f6ne Erinnerung an die unvergesslich sch\u00f6ne Zeit der Schwangerschaft f\u00fcr die beiden werden. Mir war klar, als die ruhige Musik in meinen...<\/p>\n","protected":false},"author":1,"featured_media":8904,"comment_status":"open","ping_status":"open","sticky":false,"template":"","format":"standard","meta":{"_exactmetrics_skip_tracking":false,"_exactmetrics_sitenote_active":false,"_exactmetrics_sitenote_note":"","_exactmetrics_sitenote_category":0,"pp_embeds":"","footnotes":""},"categories":[1],"tags":[42,59,28,47,274,275,21,53,276],"class_list":["post-8903","post","type-post","status-publish","format-standard","has-post-thumbnail","hentry","category-allgemein","tag-babyfotograf-landshut","tag-babyfotos-landshut","tag-babyshooting","tag-bilder-babybauch","tag-erinnerungsvideos","tag-familiyfusion","tag-fotograf-landshut","tag-professionelle-fotos-bayern","tag-videpgraf"],"_links":{"self":[{"href":"https:\/\/sevikoch.de\/index.php\/wp-json\/wp\/v2\/posts\/8903","targetHints":{"allow":["GET"]}}],"collection":[{"href":"https:\/\/sevikoch.de\/index.php\/wp-json\/wp\/v2\/posts"}],"about":[{"href":"https:\/\/sevikoch.de\/index.php\/wp-json\/wp\/v2\/types\/post"}],"author":[{"embeddable":true,"href":"https:\/\/sevikoch.de\/index.php\/wp-json\/wp\/v2\/users\/1"}],"replies":[{"embeddable":true,"href":"https:\/\/sevikoch.de\/index.php\/wp-json\/wp\/v2\/comments?post=8903"}],"version-history":[{"count":0,"href":"https:\/\/sevikoch.de\/index.php\/wp-json\/wp\/v2\/posts\/8903\/revisions"}],"wp:featuredmedia":[{"embeddable":true,"href":"https:\/\/sevikoch.de\/index.php\/wp-json\/wp\/v2\/media\/8904"}],"wp:attachment":[{"href":"https:\/\/sevikoch.de\/index.php\/wp-json\/wp\/v2\/media?parent=8903"}],"wp:term":[{"taxonomy":"category","embeddable":true,"href":"https:\/\/sevikoch.de\/index.php\/wp-json\/wp\/v2\/categories?post=8903"},{"taxonomy":"post_tag","embeddable":true,"href":"https:\/\/sevikoch.de\/index.php\/wp-json\/wp\/v2\/tags?post=8903"}],"curies":[{"name":"wp","href":"https:\/\/api.w.org\/{rel}","templated":true}]}}