{"id":8869,"date":"2016-06-01T18:11:39","date_gmt":"2016-06-01T16:11:39","guid":{"rendered":"http:\/\/www.1klick4u.de\/?p=8869"},"modified":"2016-06-01T18:20:14","modified_gmt":"2016-06-01T16:20:14","slug":"paarfotos-in-landshut-bei-wundervoller-abendsonne-sevi-koch","status":"publish","type":"post","link":"https:\/\/sevikoch.de\/index.php\/paarfotos-in-landshut-bei-wundervoller-abendsonne-sevi-koch\/","title":{"rendered":"Paarfotos in Landshut bei wundervoller Abendsonne &#8211; Sevi Koch"},"content":{"rendered":"<p>Ihr Lieben!<\/p>\n<p>Ich sitze in meinem B\u00fcro und schau aus dem Fenster. Den ganzen Tag \u00fcber kann man mal Regen mal Wolken beobachten, wie sie an einem vorbeiziehen. Mich st\u00f6rt es in der Tat im Moment gerade weniger, wenn ich auf das wundervolle Shooting mit einem super lustigen Paar zur\u00fcckblicke!<\/p>\n<p>Wie so oft war es auch vor dem Shooting der beiden so, dass ich Spotify laufen hatte! Musik inspiriert mich immer wieder aufs Neue und ich habe schon dann eine bestimme Vorstellung wie das Shooting sein soll!<\/p>\n<p>Eine sch\u00f6ne Location, an der wir die Abendsonne so richtig genie\u00dfen k\u00f6nnen!<\/p>\n<p>Das war mein Ziel f\u00fcr das anstehende Lovestoryshooting mit den beiden Lovebirds.<\/p>\n<p>Locker, Lustig und einfach Spa\u00df haben! Es war einfach wieder ein wunderbares Gef\u00fchl, ein Paar vor meiner Kamera zu haben,\u00a0welches so ist, wie es ist!\u00a0Nicht gestellt! Einfach nur sie selbst. Wir haben gemeinsam gelacht und einen wundersch\u00f6nen Abend miteinander verbracht.<\/p>\n<p>Ich habe den Abend mit den beiden mehr als genossen und habe mich sehr \u00fcber unser Kennenlernen gefreut!<br \/>\n<img decoding=\"async\" title=\"Hochzeitfotograf-Bayern-SeviKoch\" src=\"http:\/\/www.1klick4u.de\/wp-content\/uploads\/2016\/05\/Lach-2.jpg\" alt=\"Paarfotos-Landshut-Sevi-Koch\" \/><br \/>\n<img decoding=\"async\" title=\"Hochzeitfotograf-Bayern-SeviKoch\" src=\"http:\/\/www.1klick4u.de\/wp-content\/uploads\/2016\/05\/Lach-17.jpg\" alt=\"Paarfotos-Landshut-Sevi-Koch\" \/><br \/>\n<img decoding=\"async\" title=\"Hochzeitfotograf-Bayern-SeviKoch\" src=\"http:\/\/www.1klick4u.de\/wp-content\/uploads\/2016\/05\/Lach-27.jpg\" alt=\"Paarfotos-Landshut-Sevi-Koch\" \/><br \/>\n<img decoding=\"async\" title=\"Hochzeitfotograf-Bayern-SeviKoch\" src=\"http:\/\/www.1klick4u.de\/wp-content\/uploads\/2016\/05\/Lach-34.jpg\" alt=\"Paarfotos-Landshut-Sevi-Koch\" \/><br \/>\n<img decoding=\"async\" title=\"Hochzeitfotograf-Bayern-SeviKoch\" src=\"http:\/\/www.1klick4u.de\/wp-content\/uploads\/2016\/05\/Lach-32.jpg\" alt=\"Paarfotos-Landshut-Sevi-Koch\" \/><br \/>\n<img decoding=\"async\" title=\"Hochzeitfotograf-Bayern-SeviKoch\" src=\"http:\/\/www.1klick4u.de\/wp-content\/uploads\/2016\/05\/Lach-35.jpg\" alt=\"Paarfotos-Landshut-Sevi-Koch\" \/><br \/>\n<img decoding=\"async\" title=\"Hochzeitfotograf-Bayern-SeviKoch\" src=\"http:\/\/www.1klick4u.de\/wp-content\/uploads\/2016\/05\/Lach-14.jpg\" alt=\"Paarfotos-Landshut-Sevi-Koch\" \/><br \/>\n<img decoding=\"async\" title=\"Hochzeitfotograf-Bayern-SeviKoch\" src=\"http:\/\/www.1klick4u.de\/wp-content\/uploads\/2016\/05\/Lach-71.jpg\" alt=\"Paarfotos-Landshut-Sevi-Koch\" \/><br \/>\n<img decoding=\"async\" title=\"Hochzeitfotograf-Bayern-SeviKoch\" src=\"http:\/\/www.1klick4u.de\/wp-content\/uploads\/2016\/05\/Lach-66.jpg\" alt=\"Paarfotos-Landshut-Sevi-Koch\" \/><br \/>\n<img decoding=\"async\" title=\"Hochzeitfotograf-Bayern-SeviKoch\" src=\"http:\/\/www.1klick4u.de\/wp-content\/uploads\/2016\/05\/Lach-6.jpg\" alt=\"Paarfotos-Landshut-Sevi-Koch\" \/><br \/>\n<img decoding=\"async\" title=\"Hochzeitfotograf-Bayern-SeviKoch\" src=\"http:\/\/www.1klick4u.de\/wp-content\/uploads\/2016\/05\/Lach-64.jpg\" alt=\"Paarfotos-Landshut-Sevi-Koch\" \/><br \/>\n<img decoding=\"async\" title=\"Hochzeitfotograf-Bayern-SeviKoch\" src=\"http:\/\/www.1klick4u.de\/wp-content\/uploads\/2016\/05\/Lach-80.jpg\" alt=\"Paarfotos-Landshut-Sevi-Koch\" \/><br \/>\n<img decoding=\"async\" title=\"Hochzeitfotograf-Bayern-SeviKoch\" src=\"http:\/\/www.1klick4u.de\/wp-content\/uploads\/2016\/05\/Lach-82.jpg\" alt=\"Paarfotos-Landshut-Sevi-Koch\" \/><br \/>\n<img decoding=\"async\" title=\"Hochzeitfotograf-Bayern-SeviKoch\" src=\"http:\/\/www.1klick4u.de\/wp-content\/uploads\/2016\/05\/Lach-7.jpg\" alt=\"Paarfotos-Landshut-Sevi-Koch\" \/><br \/>\n<img decoding=\"async\" title=\"Hochzeitfotograf-Bayern-SeviKoch\" src=\"http:\/\/www.1klick4u.de\/wp-content\/uploads\/2016\/05\/Lach-52.jpg\" alt=\"Paarfotos-Landshut-Sevi-Koch\" \/><br \/>\n<img decoding=\"async\" title=\"Hochzeitfotograf-Bayern-SeviKoch\" src=\"http:\/\/www.1klick4u.de\/wp-content\/uploads\/2016\/05\/Lach-49.jpg\" alt=\"Paarfotos-Landshut-Sevi-Koch\" \/><br \/>\n<img decoding=\"async\" title=\"Hochzeitfotograf-Bayern-SeviKoch\" src=\"http:\/\/www.1klick4u.de\/wp-content\/uploads\/2016\/05\/Lach-53.jpg\" alt=\"Paarfotos-Landshut-Sevi-Koch\" \/><br \/>\n<img decoding=\"async\" title=\"Hochzeitfotograf-Bayern-SeviKoch\" src=\"http:\/\/www.1klick4u.de\/wp-content\/uploads\/2016\/05\/Lach-46.jpg\" alt=\"Paarfotos-Landshut-Sevi-Koch\" \/><br \/>\n<img decoding=\"async\" title=\"Hochzeitfotograf-Bayern-SeviKoch\" src=\"http:\/\/www.1klick4u.de\/wp-content\/uploads\/2016\/05\/Lach-55.jpg\" alt=\"Paarfotos-Landshut-Sevi-Koch\" \/><br \/>\n<img decoding=\"async\" title=\"Hochzeitfotograf-Bayern-SeviKoch\" src=\"http:\/\/www.1klick4u.de\/wp-content\/uploads\/2016\/05\/Lach-130.jpg\" alt=\"Paarfotos-Landshut-Sevi-Koch\" \/><br \/>\n<img decoding=\"async\" title=\"Hochzeitfotograf-Bayern-SeviKoch\" src=\"http:\/\/www.1klick4u.de\/wp-content\/uploads\/2016\/05\/Lach-12.jpg\" alt=\"Paarfotos-Landshut-Sevi-Koch\" \/><br \/>\n<img decoding=\"async\" title=\"Hochzeitfotograf-Bayern-SeviKoch\" src=\"http:\/\/www.1klick4u.de\/wp-content\/uploads\/2016\/05\/Lach-125.jpg\" alt=\"Paarfotos-Landshut-Sevi-Koch\" \/><br \/>\n<img decoding=\"async\" title=\"Hochzeitfotograf-Bayern-SeviKoch\" src=\"http:\/\/www.1klick4u.de\/wp-content\/uploads\/2016\/05\/Lach-127.jpg\" alt=\"Paarfotos-Landshut-Sevi-Koch\" \/><br \/>\n<img decoding=\"async\" title=\"Hochzeitfotograf-Bayern-SeviKoch\" src=\"http:\/\/www.1klick4u.de\/wp-content\/uploads\/2016\/05\/Lach-109.jpg\" alt=\"Paarfotos-Landshut-Sevi-Koch\" \/><br \/>\n<img decoding=\"async\" title=\"Hochzeitfotograf-Bayern-SeviKoch\" src=\"http:\/\/www.1klick4u.de\/wp-content\/uploads\/2016\/05\/Lach-111.jpg\" alt=\"Paarfotos-Landshut-Sevi-Koch\" \/><br \/>\n<img decoding=\"async\" title=\"Hochzeitfotograf-Bayern-SeviKoch\" src=\"http:\/\/www.1klick4u.de\/wp-content\/uploads\/2016\/05\/Lach-124.jpg\" alt=\"Paarfotos-Landshut-Sevi-Koch\" \/><br \/>\n<img decoding=\"async\" title=\"Hochzeitfotograf-Bayern-SeviKoch\" src=\"http:\/\/www.1klick4u.de\/wp-content\/uploads\/2016\/05\/Lach-105.jpg\" alt=\"Paarfotos-Landshut-Sevi-Koch\" \/><br \/>\n<img decoding=\"async\" title=\"Hochzeitfotograf-Bayern-SeviKoch\" src=\"http:\/\/www.1klick4u.de\/wp-content\/uploads\/2016\/05\/Lach-106.jpg\" alt=\"Paarfotos-Landshut-Sevi-Koch\" \/><\/p>\n","protected":false},"excerpt":{"rendered":"<p>Ihr Lieben! Ich sitze in meinem B\u00fcro und schau aus dem Fenster. Den ganzen Tag \u00fcber kann man mal Regen mal Wolken beobachten, wie sie an einem vorbeiziehen. Mich st\u00f6rt es in der Tat im Moment gerade weniger, wenn ich auf das wundervolle Shooting mit einem super lustigen Paar zur\u00fcckblicke! Wie so oft war es...<\/p>\n","protected":false},"author":1,"featured_media":8871,"comment_status":"open","ping_status":"open","sticky":false,"template":"","format":"standard","meta":{"_exactmetrics_skip_tracking":false,"_exactmetrics_sitenote_active":false,"_exactmetrics_sitenote_note":"","_exactmetrics_sitenote_category":0,"pp_embeds":"","footnotes":""},"categories":[1],"tags":[23,115,116,51,112,40,67,64,53],"class_list":["post-8869","post","type-post","status-publish","format-standard","has-post-thumbnail","hentry","category-allgemein","tag-1-klick-4-u","tag-emotional","tag-erfahrene-fotografin","tag-fotograf-bayern","tag-fotograf-bayerweit","tag-fotograf-deggendorf","tag-fotograf-moosburg","tag-landshuter-fotograf","tag-professionelle-fotos-bayern"],"_links":{"self":[{"href":"https:\/\/sevikoch.de\/index.php\/wp-json\/wp\/v2\/posts\/8869","targetHints":{"allow":["GET"]}}],"collection":[{"href":"https:\/\/sevikoch.de\/index.php\/wp-json\/wp\/v2\/posts"}],"about":[{"href":"https:\/\/sevikoch.de\/index.php\/wp-json\/wp\/v2\/types\/post"}],"author":[{"embeddable":true,"href":"https:\/\/sevikoch.de\/index.php\/wp-json\/wp\/v2\/users\/1"}],"replies":[{"embeddable":true,"href":"https:\/\/sevikoch.de\/index.php\/wp-json\/wp\/v2\/comments?post=8869"}],"version-history":[{"count":0,"href":"https:\/\/sevikoch.de\/index.php\/wp-json\/wp\/v2\/posts\/8869\/revisions"}],"wp:featuredmedia":[{"embeddable":true,"href":"https:\/\/sevikoch.de\/index.php\/wp-json\/wp\/v2\/media\/8871"}],"wp:attachment":[{"href":"https:\/\/sevikoch.de\/index.php\/wp-json\/wp\/v2\/media?parent=8869"}],"wp:term":[{"taxonomy":"category","embeddable":true,"href":"https:\/\/sevikoch.de\/index.php\/wp-json\/wp\/v2\/categories?post=8869"},{"taxonomy":"post_tag","embeddable":true,"href":"https:\/\/sevikoch.de\/index.php\/wp-json\/wp\/v2\/tags?post=8869"}],"curies":[{"name":"wp","href":"https:\/\/api.w.org\/{rel}","templated":true}]}}