{"id":8727,"date":"2016-04-18T08:43:54","date_gmt":"2016-04-18T06:43:54","guid":{"rendered":"http:\/\/www.1klick4u.de\/?p=8727"},"modified":"2016-04-18T08:43:54","modified_gmt":"2016-04-18T06:43:54","slug":"emotionale-familienvideos-landshut-louisas-kissenschlacht","status":"publish","type":"post","link":"https:\/\/sevikoch.de\/index.php\/emotionale-familienvideos-landshut-louisas-kissenschlacht\/","title":{"rendered":"Emotionale Familienvideos Landshut &#8211; Louisas Kissenschlacht"},"content":{"rendered":"<p>Unglaublich gl\u00fccklich bin ich, dass ich euch endlich auch eine emotionale und liebevolle Erinnerung in bewegten Bilder &#8211; einem ganz besonderen Video &#8211; anbieten kann!<\/p>\n<p>Sonja hat sich eine wundervolle Erinnerung mit ihrer kleinsten Tochter Louisa gew\u00fcnscht. Ganz spontan hat sich in meinem Kopf ein Bild von vielen schwebenden Federn eingepr\u00e4gt &amp; ich\u00a0bin soooooooooooo froh, dass ich dies einfach umgesetzt habe!<\/p>\n<p>Die kleine Louisa hatte einen riesen Spa\u00df und ich h\u00e4tte fast vergessen weiter zu filmen, als ich die kleine Maus so \u00fcbergl\u00fccklich gesehen habe!<\/p>\n<p>Ich freu mich sehr, dass ich euch heute mehr von Sonja &amp; Louisa zeigen kann!<\/p>\n<p>Ich kann es kaum erwarten, bis die beiden mich wieder besuchen &amp; Ich Sonja mit ihrer gr\u00f6\u00dferen Tochter Lea Marie vor der Kamera haben darf!<\/p>\n<p>&nbsp;<\/p>\n<p>Film ab!<\/p>\n<p><iframe loading=\"lazy\" src=\"https:\/\/player.vimeo.com\/video\/163160737?title=0&amp;byline=0&amp;portrait=0\" width=\"660\" height=\"371\" frameborder=\"0\" allowfullscreen=\"allowfullscreen\"><\/iframe><\/p>\n","protected":false},"excerpt":{"rendered":"<p>Unglaublich gl\u00fccklich bin ich, dass ich euch endlich auch eine emotionale und liebevolle Erinnerung in bewegten Bilder &#8211; einem ganz besonderen Video &#8211; anbieten kann! Sonja hat sich eine wundervolle Erinnerung mit ihrer kleinsten Tochter Louisa gew\u00fcnscht. Ganz spontan hat sich in meinem Kopf ein Bild von vielen schwebenden Federn eingepr\u00e4gt &amp; ich\u00a0bin soooooooooooo froh,...<\/p>\n","protected":false},"author":1,"featured_media":8728,"comment_status":"open","ping_status":"open","sticky":false,"template":"","format":"standard","meta":{"_exactmetrics_skip_tracking":false,"_exactmetrics_sitenote_active":false,"_exactmetrics_sitenote_note":"","_exactmetrics_sitenote_category":0,"pp_embeds":"","footnotes":""},"categories":[1],"tags":[272,132,114,89,16,97,254],"class_list":["post-8727","post","type-post","status-publish","format-standard","has-post-thumbnail","hentry","category-allgemein","tag-familienvideo","tag-imagefilm","tag-kinderfotos-deggendorf","tag-kinderfotos-landshut","tag-landshut","tag-professionelle-kinderfotografie-landshut","tag-sevikoch"],"_links":{"self":[{"href":"https:\/\/sevikoch.de\/index.php\/wp-json\/wp\/v2\/posts\/8727","targetHints":{"allow":["GET"]}}],"collection":[{"href":"https:\/\/sevikoch.de\/index.php\/wp-json\/wp\/v2\/posts"}],"about":[{"href":"https:\/\/sevikoch.de\/index.php\/wp-json\/wp\/v2\/types\/post"}],"author":[{"embeddable":true,"href":"https:\/\/sevikoch.de\/index.php\/wp-json\/wp\/v2\/users\/1"}],"replies":[{"embeddable":true,"href":"https:\/\/sevikoch.de\/index.php\/wp-json\/wp\/v2\/comments?post=8727"}],"version-history":[{"count":0,"href":"https:\/\/sevikoch.de\/index.php\/wp-json\/wp\/v2\/posts\/8727\/revisions"}],"wp:featuredmedia":[{"embeddable":true,"href":"https:\/\/sevikoch.de\/index.php\/wp-json\/wp\/v2\/media\/8728"}],"wp:attachment":[{"href":"https:\/\/sevikoch.de\/index.php\/wp-json\/wp\/v2\/media?parent=8727"}],"wp:term":[{"taxonomy":"category","embeddable":true,"href":"https:\/\/sevikoch.de\/index.php\/wp-json\/wp\/v2\/categories?post=8727"},{"taxonomy":"post_tag","embeddable":true,"href":"https:\/\/sevikoch.de\/index.php\/wp-json\/wp\/v2\/tags?post=8727"}],"curies":[{"name":"wp","href":"https:\/\/api.w.org\/{rel}","templated":true}]}}