{"id":21095,"date":"2025-09-23T07:58:13","date_gmt":"2025-09-23T06:58:13","guid":{"rendered":"https:\/\/sevikoch.de\/?p=21095"},"modified":"2025-09-23T07:58:13","modified_gmt":"2025-09-23T06:58:13","slug":"familienfotos-in-der-natur-natuerliche-familienfotografie-donau-ries-sevi-koch-fotograf-noerdlingen-baldingen-deiningen-riesbuerg-unterschneidheim","status":"publish","type":"post","link":"https:\/\/sevikoch.de\/index.php\/familienfotos-in-der-natur-natuerliche-familienfotografie-donau-ries-sevi-koch-fotograf-noerdlingen-baldingen-deiningen-riesbuerg-unterschneidheim\/","title":{"rendered":"Familienfotos in der Natur &#8211; Nat\u00fcrliche Familienfotografie Donau-Ries &#8211; Sevi Koch &#8211; Fotograf N\u00f6rdlingen, Baldingen, Deiningen, Riesb\u00fcrg, Unterschneidheim"},"content":{"rendered":"<p>Wiedersehen in der sch\u00f6nen Natur. Diese Familie darf ich schon lange begleiten. Diesmal waren sie zu viert vor meiner Linse und seht mal, wie wir ihre Momente festgehalten haben:<\/p>\n<p><img decoding=\"async\" title=\"Familienfotos Oettingen\" src=\"https:\/\/sevikoch.de\/wp-content\/uploads\/2025\/09\/Familienshooting-in-der-Natur-Sevi-Koch_0277.jpg\" alt=\"Familienfotos N\u00f6rdlingen\" \/><br \/>\n<img decoding=\"async\" title=\"Familienfotos Oettingen\" src=\"https:\/\/sevikoch.de\/wp-content\/uploads\/2025\/09\/Familienshooting-in-der-Natur-Sevi-Koch_0281.jpg\" alt=\"Familienfotos N\u00f6rdlingen\" \/><br \/>\n<img decoding=\"async\" title=\"Familienfotos Oettingen\" src=\"https:\/\/sevikoch.de\/wp-content\/uploads\/2025\/09\/Familienshooting-in-der-Natur-Sevi-Koch_0282.jpg\" alt=\"Familienfotos N\u00f6rdlingen\" \/><br \/>\n<img decoding=\"async\" title=\"Familienfotos Oettingen\" src=\"https:\/\/sevikoch.de\/wp-content\/uploads\/2025\/09\/Familienshooting-in-der-Natur-Sevi-Koch_0283.jpg\" alt=\"Familienfotos N\u00f6rdlingen\" \/><br \/>\n<img decoding=\"async\" title=\"Familienfotos Oettingen\" src=\"https:\/\/sevikoch.de\/wp-content\/uploads\/2025\/09\/Familienshooting-in-der-Natur-Sevi-Koch_0293.jpg\" alt=\"Familienfotos N\u00f6rdlingen\" \/><br \/>\n<img decoding=\"async\" title=\"Familienfotos Oettingen\" src=\"https:\/\/sevikoch.de\/wp-content\/uploads\/2025\/09\/Familienshooting-in-der-Natur-Sevi-Koch_0287.jpg\" alt=\"Familienfotos N\u00f6rdlingen\" \/><br \/>\n<img decoding=\"async\" title=\"Familienfotos Oettingen\" src=\"https:\/\/sevikoch.de\/wp-content\/uploads\/2025\/09\/Familienshooting-in-der-Natur-Sevi-Koch_0273.jpg\" alt=\"Familienfotos N\u00f6rdlingen\" \/><br \/>\n<img decoding=\"async\" title=\"Familienfotos Oettingen\" src=\"https:\/\/sevikoch.de\/wp-content\/uploads\/2025\/09\/Familienshooting-in-der-Natur-Sevi-Koch_0278.jpg\" alt=\"Familienfotos N\u00f6rdlingen\" \/><br \/>\n<img decoding=\"async\" title=\"Familienfotos Oettingen\" src=\"https:\/\/sevikoch.de\/wp-content\/uploads\/2025\/09\/Familienshooting-in-der-Natur-Sevi-Koch_0286.jpg\" alt=\"Familienfotos N\u00f6rdlingen\" \/><br \/>\n<img decoding=\"async\" title=\"Familienfotos Oettingen\" src=\"https:\/\/sevikoch.de\/wp-content\/uploads\/2025\/09\/Familienshooting-in-der-Natur-Sevi-Koch_0279.jpg\" alt=\"Familienfotos N\u00f6rdlingen\" \/><br \/>\n<img decoding=\"async\" title=\"Familienfotos Oettingen\" src=\"https:\/\/sevikoch.de\/wp-content\/uploads\/2025\/09\/Familienshooting-in-der-Natur-Sevi-Koch_0280.jpg\" alt=\"Familienfotos N\u00f6rdlingen\" \/><br \/>\n<img decoding=\"async\" title=\"Familienfotos Oettingen\" src=\"https:\/\/sevikoch.de\/wp-content\/uploads\/2025\/09\/Familienshooting-in-der-Natur-Sevi-Koch_0285.jpg\" alt=\"Familienfotos N\u00f6rdlingen\" \/><br \/>\n<img decoding=\"async\" title=\"Familienfotos Oettingen\" src=\"https:\/\/sevikoch.de\/wp-content\/uploads\/2025\/09\/Familienshooting-in-der-Natur-Sevi-Koch_0284.jpg\" alt=\"Familienfotos N\u00f6rdlingen\" \/><br \/>\n<img decoding=\"async\" title=\"Familienfotos Oettingen\" src=\"https:\/\/sevikoch.de\/wp-content\/uploads\/2025\/09\/Familienshooting-in-der-Natur-Sevi-Koch_0289.jpg\" alt=\"Familienfotos N\u00f6rdlingen\" \/><br \/>\n<img decoding=\"async\" title=\"Familienfotos Oettingen\" src=\"https:\/\/sevikoch.de\/wp-content\/uploads\/2025\/09\/Familienshooting-in-der-Natur-Sevi-Koch_0294.jpg\" alt=\"Familienfotos N\u00f6rdlingen\" \/><br \/>\n<img decoding=\"async\" title=\"Familienfotos Oettingen\" src=\"https:\/\/sevikoch.de\/wp-content\/uploads\/2025\/09\/Familienshooting-in-der-Natur-Sevi-Koch_0291.jpg\" alt=\"Familienfotos N\u00f6rdlingen\" \/><br \/>\n<img decoding=\"async\" title=\"Familienfotos Oettingen\" src=\"https:\/\/sevikoch.de\/wp-content\/uploads\/2025\/09\/Familienshooting-in-der-Natur-Sevi-Koch_0272.jpg\" alt=\"Familienfotos N\u00f6rdlingen\" \/><br \/>\n<img decoding=\"async\" title=\"Familienfotos Oettingen\" src=\"https:\/\/sevikoch.de\/wp-content\/uploads\/2025\/09\/Familienshooting-in-der-Natur-Sevi-Koch_0290.jpg\" alt=\"Familienfotos N\u00f6rdlingen\" \/><br \/>\n<img decoding=\"async\" title=\"Familienfotos Oettingen\" src=\"https:\/\/sevikoch.de\/wp-content\/uploads\/2025\/09\/Familienshooting-in-der-Natur-Sevi-Koch_0274.jpg\" alt=\"Familienfotos N\u00f6rdlingen\" \/><br \/>\n<img decoding=\"async\" title=\"Familienfotos Oettingen\" src=\"https:\/\/sevikoch.de\/wp-content\/uploads\/2025\/09\/Familienshooting-in-der-Natur-Sevi-Koch_0275.jpg\" alt=\"Familienfotos N\u00f6rdlingen\" \/><br \/>\n<img decoding=\"async\" title=\"Familienfotos Oettingen\" src=\"https:\/\/sevikoch.de\/wp-content\/uploads\/2025\/09\/Familienshooting-in-der-Natur-Sevi-Koch_0288.jpg\" alt=\"Familienfotos N\u00f6rdlingen\" \/><br \/>\n<img decoding=\"async\" title=\"Familienfotos Oettingen\" src=\"https:\/\/sevikoch.de\/wp-content\/uploads\/2025\/09\/Familienshooting-in-der-Natur-Sevi-Koch_0292.jpg\" alt=\"Familienfotos N\u00f6rdlingen\" \/><br \/>\n<img decoding=\"async\" title=\"Familienfotos Oettingen\" src=\"https:\/\/sevikoch.de\/wp-content\/uploads\/2025\/09\/Familienshooting-in-der-Natur-Sevi-Koch_0276.jpg\" alt=\"Familienfotos N\u00f6rdlingen\" \/><br \/>\n<img decoding=\"async\" title=\"Familienfotos Oettingen\" src=\"https:\/\/sevikoch.de\/wp-content\/uploads\/2025\/09\/Familienshooting-in-der-Natur-Sevi-Koch_0295.jpg\" alt=\"Familienfotos N\u00f6rdlingen\" \/><\/p>\n","protected":false},"excerpt":{"rendered":"<p>Wiedersehen in der sch\u00f6nen Natur. Diese Familie darf ich schon lange begleiten. Diesmal waren sie zu viert vor meiner Linse und seht mal, wie wir ihre Momente festgehalten haben:<\/p>\n","protected":false},"author":1,"featured_media":21122,"comment_status":"open","ping_status":"open","sticky":false,"template":"","format":"standard","meta":{"_exactmetrics_skip_tracking":false,"_exactmetrics_sitenote_active":false,"_exactmetrics_sitenote_note":"","_exactmetrics_sitenote_category":0,"pp_embeds":"","footnotes":""},"categories":[382],"tags":[1249,1248,1103,1175,1157,1194,1166],"class_list":["post-21095","post","type-post","status-publish","format-standard","has-post-thumbnail","hentry","category-familienshootings","tag-familienbilder-oettingen","tag-familienshooting-noerdlingen","tag-fotograf-donau-ries","tag-fotograf-noerdlingen","tag-fotograf-unterschneidheim","tag-kinderfotograf-dinkelsbuehl","tag-kinderfotograf-riesbuerg"],"_links":{"self":[{"href":"https:\/\/sevikoch.de\/index.php\/wp-json\/wp\/v2\/posts\/21095","targetHints":{"allow":["GET"]}}],"collection":[{"href":"https:\/\/sevikoch.de\/index.php\/wp-json\/wp\/v2\/posts"}],"about":[{"href":"https:\/\/sevikoch.de\/index.php\/wp-json\/wp\/v2\/types\/post"}],"author":[{"embeddable":true,"href":"https:\/\/sevikoch.de\/index.php\/wp-json\/wp\/v2\/users\/1"}],"replies":[{"embeddable":true,"href":"https:\/\/sevikoch.de\/index.php\/wp-json\/wp\/v2\/comments?post=21095"}],"version-history":[{"count":3,"href":"https:\/\/sevikoch.de\/index.php\/wp-json\/wp\/v2\/posts\/21095\/revisions"}],"predecessor-version":[{"id":21123,"href":"https:\/\/sevikoch.de\/index.php\/wp-json\/wp\/v2\/posts\/21095\/revisions\/21123"}],"wp:featuredmedia":[{"embeddable":true,"href":"https:\/\/sevikoch.de\/index.php\/wp-json\/wp\/v2\/media\/21122"}],"wp:attachment":[{"href":"https:\/\/sevikoch.de\/index.php\/wp-json\/wp\/v2\/media?parent=21095"}],"wp:term":[{"taxonomy":"category","embeddable":true,"href":"https:\/\/sevikoch.de\/index.php\/wp-json\/wp\/v2\/categories?post=21095"},{"taxonomy":"post_tag","embeddable":true,"href":"https:\/\/sevikoch.de\/index.php\/wp-json\/wp\/v2\/tags?post=21095"}],"curies":[{"name":"wp","href":"https:\/\/api.w.org\/{rel}","templated":true}]}}