{"id":21005,"date":"2025-09-16T09:23:34","date_gmt":"2025-09-16T08:23:34","guid":{"rendered":"https:\/\/sevikoch.de\/?p=21005"},"modified":"2025-09-16T09:23:34","modified_gmt":"2025-09-16T08:23:34","slug":"familienbilder-im-herbst-sevi-koch-familienfotograf-noerdlingen-donau-ries","status":"publish","type":"post","link":"https:\/\/sevikoch.de\/index.php\/familienbilder-im-herbst-sevi-koch-familienfotograf-noerdlingen-donau-ries\/","title":{"rendered":"Familienbilder im Herbst &#8211; Sevi Koch &#8211; Familienfotograf N\u00f6rdlingen &#8211; Donau Ries"},"content":{"rendered":"<p>Familienmomente f\u00fcrs Herz in wundersch\u00f6n herbstlichen T\u00f6nen. Ich habe mich so auf dieses Wiedersehen gefreut und, dass ich euch heute mehr vom Shooting zeigen kann.<\/p>\n<p><img decoding=\"async\" title=\"Kinderfotograf Dinkelsb\u00fchl\" src=\"https:\/\/sevikoch.de\/wp-content\/uploads\/2025\/09\/Familienbilder-im-Herbst-Noerdlingen_0425.jpg\" alt=\"Familienbilder Tannhausen\" \/><br \/>\n<img decoding=\"async\" title=\"Kinderfotograf Dinkelsb\u00fchl\" src=\"https:\/\/sevikoch.de\/wp-content\/uploads\/2025\/09\/Familienbilder-im-Herbst-Noerdlingen_0458.jpg\" alt=\"Familienbilder Tannhausen\" \/><br \/>\n<img decoding=\"async\" title=\"Kinderfotograf Dinkelsb\u00fchl\" src=\"https:\/\/sevikoch.de\/wp-content\/uploads\/2025\/09\/Familienbilder-im-Herbst-Noerdlingen_0431.jpg\" alt=\"Familienbilder Tannhausen\" \/><br \/>\n<img decoding=\"async\" title=\"Kinderfotograf Dinkelsb\u00fchl\" src=\"https:\/\/sevikoch.de\/wp-content\/uploads\/2025\/09\/Familienbilder-im-Herbst-Noerdlingen_0426.jpg\" alt=\"Familienbilder Tannhausen\" \/><br \/>\n<img decoding=\"async\" title=\"Kinderfotograf Dinkelsb\u00fchl\" src=\"https:\/\/sevikoch.de\/wp-content\/uploads\/2025\/09\/Familienbilder-im-Herbst-Noerdlingen_0429.jpg\" alt=\"Familienbilder Tannhausen\" \/><br \/>\n<img decoding=\"async\" title=\"Kinderfotograf Dinkelsb\u00fchl\" src=\"https:\/\/sevikoch.de\/wp-content\/uploads\/2025\/09\/Familienbilder-im-Herbst-Noerdlingen_0434.jpg\" alt=\"Familienbilder Tannhausen\" \/><br \/>\n<img decoding=\"async\" title=\"Kinderfotograf Dinkelsb\u00fchl\" src=\"https:\/\/sevikoch.de\/wp-content\/uploads\/2025\/09\/Familienbilder-im-Herbst-Noerdlingen_0432.jpg\" alt=\"Familienbilder Tannhausen\" \/><br \/>\n<img decoding=\"async\" title=\"Kinderfotograf Dinkelsb\u00fchl\" src=\"https:\/\/sevikoch.de\/wp-content\/uploads\/2025\/09\/Familienbilder-im-Herbst-Noerdlingen_0449.jpg\" alt=\"Familienbilder Tannhausen\" \/><br \/>\n<img decoding=\"async\" title=\"Kinderfotograf Dinkelsb\u00fchl\" src=\"https:\/\/sevikoch.de\/wp-content\/uploads\/2025\/09\/Familienbilder-im-Herbst-Noerdlingen_0461.jpg\" alt=\"Familienbilder Tannhausen\" \/><br \/>\n<img decoding=\"async\" title=\"Kinderfotograf Dinkelsb\u00fchl\" src=\"https:\/\/sevikoch.de\/wp-content\/uploads\/2025\/09\/Familienbilder-im-Herbst-Noerdlingen_0435.jpg\" alt=\"Familienbilder Tannhausen\" \/><br \/>\n<img decoding=\"async\" title=\"Kinderfotograf Dinkelsb\u00fchl\" src=\"https:\/\/sevikoch.de\/wp-content\/uploads\/2025\/09\/Familienbilder-im-Herbst-Noerdlingen_0438.jpg\" alt=\"Familienbilder Tannhausen\" \/><br \/>\n<img decoding=\"async\" title=\"Kinderfotograf Dinkelsb\u00fchl\" src=\"https:\/\/sevikoch.de\/wp-content\/uploads\/2025\/09\/Familienbilder-im-Herbst-Noerdlingen_0428.jpg\" alt=\"Familienbilder Tannhausen\" \/><br \/>\n<img decoding=\"async\" title=\"Kinderfotograf Dinkelsb\u00fchl\" src=\"https:\/\/sevikoch.de\/wp-content\/uploads\/2025\/09\/Familienbilder-im-Herbst-Noerdlingen_0436.jpg\" alt=\"Familienbilder Tannhausen\" \/><br \/>\n<img decoding=\"async\" title=\"Kinderfotograf Dinkelsb\u00fchl\" src=\"https:\/\/sevikoch.de\/wp-content\/uploads\/2025\/09\/Familienbilder-im-Herbst-Noerdlingen_0433.jpg\" alt=\"Familienbilder Tannhausen\" \/><br \/>\n<img decoding=\"async\" title=\"Kinderfotograf Dinkelsb\u00fchl\" src=\"https:\/\/sevikoch.de\/wp-content\/uploads\/2025\/09\/Familienbilder-im-Herbst-Noerdlingen_0427.jpg\" alt=\"Familienbilder Tannhausen\" \/><br \/>\n<img decoding=\"async\" title=\"Kinderfotograf Dinkelsb\u00fchl\" src=\"https:\/\/sevikoch.de\/wp-content\/uploads\/2025\/09\/Familienbilder-im-Herbst-Noerdlingen_0463.jpg\" alt=\"Familienbilder Tannhausen\" \/><br \/>\n<img decoding=\"async\" title=\"Kinderfotograf Dinkelsb\u00fchl\" src=\"https:\/\/sevikoch.de\/wp-content\/uploads\/2025\/09\/Familienbilder-im-Herbst-Noerdlingen_0462.jpg\" alt=\"Familienbilder Tannhausen\" \/><br \/>\n<img decoding=\"async\" title=\"Kinderfotograf Dinkelsb\u00fchl\" src=\"https:\/\/sevikoch.de\/wp-content\/uploads\/2025\/09\/Familienbilder-im-Herbst-Noerdlingen_0430.jpg\" alt=\"Familienbilder Tannhausen\" \/><br \/>\n<img decoding=\"async\" title=\"Kinderfotograf Dinkelsb\u00fchl\" src=\"https:\/\/sevikoch.de\/wp-content\/uploads\/2025\/09\/Familienbilder-im-Herbst-Noerdlingen_0440.jpg\" alt=\"Familienbilder Tannhausen\" \/><br \/>\n<img decoding=\"async\" title=\"Kinderfotograf Dinkelsb\u00fchl\" src=\"https:\/\/sevikoch.de\/wp-content\/uploads\/2025\/09\/Familienbilder-im-Herbst-Noerdlingen_0437.jpg\" alt=\"Familienbilder Tannhausen\" \/><br \/>\n<img decoding=\"async\" title=\"Kinderfotograf Dinkelsb\u00fchl\" src=\"https:\/\/sevikoch.de\/wp-content\/uploads\/2025\/09\/Familienbilder-im-Herbst-Noerdlingen_0441.jpg\" alt=\"Familienbilder Tannhausen\" \/><br \/>\n<img decoding=\"async\" title=\"Kinderfotograf Dinkelsb\u00fchl\" src=\"https:\/\/sevikoch.de\/wp-content\/uploads\/2025\/09\/Familienbilder-im-Herbst-Noerdlingen_0446.jpg\" alt=\"Familienbilder Tannhausen\" \/><br \/>\n<img decoding=\"async\" title=\"Kinderfotograf Dinkelsb\u00fchl\" src=\"https:\/\/sevikoch.de\/wp-content\/uploads\/2025\/09\/Familienbilder-im-Herbst-Noerdlingen_0447.jpg\" alt=\"Familienbilder Tannhausen\" \/><br \/>\n<img decoding=\"async\" title=\"Kinderfotograf Dinkelsb\u00fchl\" src=\"https:\/\/sevikoch.de\/wp-content\/uploads\/2025\/09\/Familienbilder-im-Herbst-Noerdlingen_0439.jpg\" alt=\"Familienbilder Tannhausen\" \/><br \/>\n<img decoding=\"async\" title=\"Kinderfotograf Dinkelsb\u00fchl\" src=\"https:\/\/sevikoch.de\/wp-content\/uploads\/2025\/09\/Familienbilder-im-Herbst-Noerdlingen_0450.jpg\" alt=\"Familienbilder Tannhausen\" \/><br \/>\n<img decoding=\"async\" title=\"Kinderfotograf Dinkelsb\u00fchl\" src=\"https:\/\/sevikoch.de\/wp-content\/uploads\/2025\/09\/Familienbilder-im-Herbst-Noerdlingen_0444.jpg\" alt=\"Familienbilder Tannhausen\" \/><br \/>\n<img decoding=\"async\" title=\"Kinderfotograf Dinkelsb\u00fchl\" src=\"https:\/\/sevikoch.de\/wp-content\/uploads\/2025\/09\/Familienbilder-im-Herbst-Noerdlingen_0445.jpg\" alt=\"Familienbilder Tannhausen\" \/><br \/>\n<img decoding=\"async\" title=\"Kinderfotograf Dinkelsb\u00fchl\" src=\"https:\/\/sevikoch.de\/wp-content\/uploads\/2025\/09\/Familienbilder-im-Herbst-Noerdlingen_0451.jpg\" alt=\"Familienbilder Tannhausen\" \/><br \/>\n<img decoding=\"async\" title=\"Kinderfotograf Dinkelsb\u00fchl\" src=\"https:\/\/sevikoch.de\/wp-content\/uploads\/2025\/09\/Familienbilder-im-Herbst-Noerdlingen_0448.jpg\" alt=\"Familienbilder Tannhausen\" \/><br \/>\n<img decoding=\"async\" title=\"Kinderfotograf Dinkelsb\u00fchl\" src=\"https:\/\/sevikoch.de\/wp-content\/uploads\/2025\/09\/Familienbilder-im-Herbst-Noerdlingen_0453.jpg\" alt=\"Familienbilder Tannhausen\" \/><br \/>\n<img decoding=\"async\" title=\"Kinderfotograf Dinkelsb\u00fchl\" src=\"https:\/\/sevikoch.de\/wp-content\/uploads\/2025\/09\/Familienbilder-im-Herbst-Noerdlingen_0452.jpg\" alt=\"Familienbilder Tannhausen\" \/><br \/>\n<img decoding=\"async\" title=\"Kinderfotograf Dinkelsb\u00fchl\" src=\"https:\/\/sevikoch.de\/wp-content\/uploads\/2025\/09\/Familienbilder-im-Herbst-Noerdlingen_0457.jpg\" alt=\"Familienbilder Tannhausen\" \/><br \/>\n<img decoding=\"async\" title=\"Kinderfotograf Dinkelsb\u00fchl\" src=\"https:\/\/sevikoch.de\/wp-content\/uploads\/2025\/09\/Familienbilder-im-Herbst-Noerdlingen_0442.jpg\" alt=\"Familienbilder Tannhausen\" \/><br \/>\n<img decoding=\"async\" title=\"Kinderfotograf Dinkelsb\u00fchl\" src=\"https:\/\/sevikoch.de\/wp-content\/uploads\/2025\/09\/Familienbilder-im-Herbst-Noerdlingen_0455.jpg\" alt=\"Familienbilder Tannhausen\" \/><br \/>\n<img decoding=\"async\" title=\"Kinderfotograf Dinkelsb\u00fchl\" src=\"https:\/\/sevikoch.de\/wp-content\/uploads\/2025\/09\/Familienbilder-im-Herbst-Noerdlingen_0460.jpg\" alt=\"Familienbilder Tannhausen\" \/><br \/>\n<img decoding=\"async\" title=\"Kinderfotograf Dinkelsb\u00fchl\" src=\"https:\/\/sevikoch.de\/wp-content\/uploads\/2025\/09\/Familienbilder-im-Herbst-Noerdlingen_0443.jpg\" alt=\"Familienbilder Tannhausen\" \/><br \/>\n<img decoding=\"async\" title=\"Kinderfotograf Dinkelsb\u00fchl\" src=\"https:\/\/sevikoch.de\/wp-content\/uploads\/2025\/09\/Familienbilder-im-Herbst-Noerdlingen_0456.jpg\" alt=\"Familienbilder Tannhausen\" \/><br \/>\n<img decoding=\"async\" title=\"Kinderfotograf Dinkelsb\u00fchl\" src=\"https:\/\/sevikoch.de\/wp-content\/uploads\/2025\/09\/Familienbilder-im-Herbst-Noerdlingen_0459.jpg\" alt=\"Familienbilder Tannhausen\" \/><br \/>\n<img decoding=\"async\" title=\"Kinderfotograf Dinkelsb\u00fchl\" src=\"https:\/\/sevikoch.de\/wp-content\/uploads\/2025\/09\/Familienbilder-im-Herbst-Noerdlingen_0464.jpg\" alt=\"Familienbilder Tannhausen\" \/><br \/>\n<img decoding=\"async\" title=\"Kinderfotograf Dinkelsb\u00fchl\" src=\"https:\/\/sevikoch.de\/wp-content\/uploads\/2025\/09\/Familienbilder-im-Herbst-Noerdlingen_0454.jpg\" alt=\"Familienbilder Tannhausen\" \/><\/p>\n","protected":false},"excerpt":{"rendered":"<p>Familienmomente f\u00fcrs Herz in wundersch\u00f6n herbstlichen T\u00f6nen. Ich habe mich so auf dieses Wiedersehen gefreut und, dass ich euch heute mehr vom Shooting zeigen kann.<\/p>\n","protected":false},"author":1,"featured_media":21012,"comment_status":"open","ping_status":"open","sticky":false,"template":"","format":"standard","meta":{"_exactmetrics_skip_tracking":false,"_exactmetrics_sitenote_active":false,"_exactmetrics_sitenote_note":"","_exactmetrics_sitenote_category":0,"pp_embeds":"","footnotes":""},"categories":[382],"tags":[1029,1241,1064,1137,1242,1243,22],"class_list":["post-21005","post","type-post","status-publish","format-standard","has-post-thumbnail","hentry","category-familienshootings","tag-familienbilder-im-herbst","tag-familienfotos-herbst-noerdlingen","tag-fotograf-bopfingen","tag-kinderfotograf-unterschneidheim","tag-kinderfotograf-zoebingen","tag-kinderfotos-dinkelsbuehl","tag-sevi-koch"],"_links":{"self":[{"href":"https:\/\/sevikoch.de\/index.php\/wp-json\/wp\/v2\/posts\/21005","targetHints":{"allow":["GET"]}}],"collection":[{"href":"https:\/\/sevikoch.de\/index.php\/wp-json\/wp\/v2\/posts"}],"about":[{"href":"https:\/\/sevikoch.de\/index.php\/wp-json\/wp\/v2\/types\/post"}],"author":[{"embeddable":true,"href":"https:\/\/sevikoch.de\/index.php\/wp-json\/wp\/v2\/users\/1"}],"replies":[{"embeddable":true,"href":"https:\/\/sevikoch.de\/index.php\/wp-json\/wp\/v2\/comments?post=21005"}],"version-history":[{"count":3,"href":"https:\/\/sevikoch.de\/index.php\/wp-json\/wp\/v2\/posts\/21005\/revisions"}],"predecessor-version":[{"id":21048,"href":"https:\/\/sevikoch.de\/index.php\/wp-json\/wp\/v2\/posts\/21005\/revisions\/21048"}],"wp:featuredmedia":[{"embeddable":true,"href":"https:\/\/sevikoch.de\/index.php\/wp-json\/wp\/v2\/media\/21012"}],"wp:attachment":[{"href":"https:\/\/sevikoch.de\/index.php\/wp-json\/wp\/v2\/media?parent=21005"}],"wp:term":[{"taxonomy":"category","embeddable":true,"href":"https:\/\/sevikoch.de\/index.php\/wp-json\/wp\/v2\/categories?post=21005"},{"taxonomy":"post_tag","embeddable":true,"href":"https:\/\/sevikoch.de\/index.php\/wp-json\/wp\/v2\/tags?post=21005"}],"curies":[{"name":"wp","href":"https:\/\/api.w.org\/{rel}","templated":true}]}}