{"id":20686,"date":"2024-10-15T12:54:22","date_gmt":"2024-10-15T11:54:22","guid":{"rendered":"https:\/\/sevikoch.de\/?p=20686"},"modified":"2024-10-15T12:54:22","modified_gmt":"2024-10-15T11:54:22","slug":"natuerliche-familienbilder-noerdlingen-aalen-dinkelsbuehl-unterschneidheim-sevi-koch-fotografin-donau-ries","status":"publish","type":"post","link":"https:\/\/sevikoch.de\/index.php\/natuerliche-familienbilder-noerdlingen-aalen-dinkelsbuehl-unterschneidheim-sevi-koch-fotografin-donau-ries\/","title":{"rendered":"Nat\u00fcrliche Familienbilder N\u00f6rdlingen &#8211; Aalen &#8211; Dinkelsb\u00fchl &#8211; Unterschneidheim &#8211; Sevi Koch Fotografin Donau-Ries"},"content":{"rendered":"<p>Eine weitere Familie aus N\u00f6rdlingen durfte ich pers\u00f6nlich kennen lernen und einen wundersch\u00f6nen Shootingabend mit ihnen n\u00e4he Riesb\u00fcrg verbringen. Eine Traumloaction n\u00e4he N\u00f6rdlingen haben wir uns ausgesucht f\u00fcr ihre Familienmomente. Zu Beginn hat uns der Regen \u00fcberrascht und dann hat sich am Himmel ein unsagbar sch\u00f6nes Licht f\u00fcr ihre Bilder aufgetan. Ideal f\u00fcr Familienbilder im sch\u00f6nen Riesgebiet. Aber seht selbst:<\/p>\n<p><img decoding=\"async\" title=\"Familienfotograf Donau-Ries \" src=\"https:\/\/sevikoch.de\/wp-content\/uploads\/2024\/10\/FamilienbilderNoerdlingen_SeviKoch_Kinderfotograf_Bopfingen_0885.jpg\" alt=\"Familienbilder N\u00f6rdlingen \" \/><br \/>\n<img decoding=\"async\" title=\"Familienfotograf Donau-Ries \" src=\"https:\/\/sevikoch.de\/wp-content\/uploads\/2024\/10\/FamilienbilderNoerdlingen_SeviKoch_Kinderfotograf_Bopfingen_0877.jpg\" alt=\"Familienbilder N\u00f6rdlingen \" \/><br \/>\n<img decoding=\"async\" title=\"Familienfotograf Donau-Ries \" src=\"https:\/\/sevikoch.de\/wp-content\/uploads\/2024\/10\/FamilienbilderNoerdlingen_SeviKoch_Kinderfotograf_Bopfingen_0848.jpg\" alt=\"Familienbilder N\u00f6rdlingen \" \/><br \/>\n<img decoding=\"async\" title=\"Familienfotograf Donau-Ries \" src=\"https:\/\/sevikoch.de\/wp-content\/uploads\/2024\/10\/FamilienbilderNoerdlingen_SeviKoch_Kinderfotograf_Bopfingen_0854.jpg\" alt=\"Familienbilder N\u00f6rdlingen \" \/><br \/>\n<img decoding=\"async\" title=\"Familienfotograf Donau-Ries \" src=\"https:\/\/sevikoch.de\/wp-content\/uploads\/2024\/10\/FamilienbilderNoerdlingen_SeviKoch_Kinderfotograf_Bopfingen_0883.jpg\" alt=\"Familienbilder N\u00f6rdlingen \" \/><br \/>\n<img decoding=\"async\" title=\"Familienfotograf Donau-Ries \" src=\"https:\/\/sevikoch.de\/wp-content\/uploads\/2024\/10\/FamilienbilderNoerdlingen_SeviKoch_Kinderfotograf_Bopfingen_0868.jpg\" alt=\"Familienbilder N\u00f6rdlingen \" \/><br \/>\n<img decoding=\"async\" title=\"Familienfotograf Donau-Ries \" src=\"https:\/\/sevikoch.de\/wp-content\/uploads\/2024\/10\/FamilienbilderNoerdlingen_SeviKoch_Kinderfotograf_Bopfingen_0855.jpg\" alt=\"Familienbilder N\u00f6rdlingen \" \/><br \/>\n<img decoding=\"async\" title=\"Familienfotograf Donau-Ries \" src=\"https:\/\/sevikoch.de\/wp-content\/uploads\/2024\/10\/FamilienbilderNoerdlingen_SeviKoch_Kinderfotograf_Bopfingen_0849.jpg\" alt=\"Familienbilder N\u00f6rdlingen \" \/><br \/>\n<img decoding=\"async\" title=\"Familienfotograf Donau-Ries \" src=\"https:\/\/sevikoch.de\/wp-content\/uploads\/2024\/10\/FamilienbilderNoerdlingen_SeviKoch_Kinderfotograf_Bopfingen_0850.jpg\" alt=\"Familienbilder N\u00f6rdlingen \" \/><br \/>\n<img decoding=\"async\" title=\"Familienfotograf Donau-Ries \" src=\"https:\/\/sevikoch.de\/wp-content\/uploads\/2024\/10\/FamilienbilderNoerdlingen_SeviKoch_Kinderfotograf_Bopfingen_0851.jpg\" alt=\"Familienbilder N\u00f6rdlingen \" \/><br \/>\n<img decoding=\"async\" title=\"Familienfotograf Donau-Ries \" src=\"https:\/\/sevikoch.de\/wp-content\/uploads\/2024\/10\/FamilienbilderNoerdlingen_SeviKoch_Kinderfotograf_Bopfingen_0857.jpg\" alt=\"Familienbilder N\u00f6rdlingen \" \/><br \/>\n<img decoding=\"async\" title=\"Familienfotograf Donau-Ries \" src=\"https:\/\/sevikoch.de\/wp-content\/uploads\/2024\/10\/FamilienbilderNoerdlingen_SeviKoch_Kinderfotograf_Bopfingen_0856.jpg\" alt=\"Familienbilder N\u00f6rdlingen \" \/><br \/>\n<img decoding=\"async\" title=\"Familienfotograf Donau-Ries \" src=\"https:\/\/sevikoch.de\/wp-content\/uploads\/2024\/10\/FamilienbilderNoerdlingen_SeviKoch_Kinderfotograf_Bopfingen_0895.jpg\" alt=\"Familienbilder N\u00f6rdlingen \" \/><br \/>\n<img decoding=\"async\" title=\"Familienfotograf Donau-Ries \" src=\"https:\/\/sevikoch.de\/wp-content\/uploads\/2024\/10\/FamilienbilderNoerdlingen_SeviKoch_Kinderfotograf_Bopfingen_0858.jpg\" alt=\"Familienbilder N\u00f6rdlingen \" \/><br \/>\n<img decoding=\"async\" title=\"Familienfotograf Donau-Ries \" src=\"https:\/\/sevikoch.de\/wp-content\/uploads\/2024\/10\/FamilienbilderNoerdlingen_SeviKoch_Kinderfotograf_Bopfingen_0865.jpg\" alt=\"Familienbilder N\u00f6rdlingen \" \/><br \/>\n<img decoding=\"async\" title=\"Familienfotograf Donau-Ries \" src=\"https:\/\/sevikoch.de\/wp-content\/uploads\/2024\/10\/FamilienbilderNoerdlingen_SeviKoch_Kinderfotograf_Bopfingen_0881.jpg\" alt=\"Familienbilder N\u00f6rdlingen \" \/><br \/>\n<img decoding=\"async\" title=\"Familienfotograf Donau-Ries \" src=\"https:\/\/sevikoch.de\/wp-content\/uploads\/2024\/10\/FamilienbilderNoerdlingen_SeviKoch_Kinderfotograf_Bopfingen_0846.jpg\" alt=\"Familienbilder N\u00f6rdlingen \" \/><br \/>\n<img decoding=\"async\" title=\"Familienfotograf Donau-Ries \" src=\"https:\/\/sevikoch.de\/wp-content\/uploads\/2024\/10\/FamilienbilderNoerdlingen_SeviKoch_Kinderfotograf_Bopfingen_0847.jpg\" alt=\"Familienbilder N\u00f6rdlingen \" \/><br \/>\n<img decoding=\"async\" title=\"Familienfotograf Donau-Ries \" src=\"https:\/\/sevikoch.de\/wp-content\/uploads\/2024\/10\/FamilienbilderNoerdlingen_SeviKoch_Kinderfotograf_Bopfingen_0853.jpg\" alt=\"Familienbilder N\u00f6rdlingen \" \/><br \/>\n<img decoding=\"async\" title=\"Familienfotograf Donau-Ries \" src=\"https:\/\/sevikoch.de\/wp-content\/uploads\/2024\/10\/FamilienbilderNoerdlingen_SeviKoch_Kinderfotograf_Bopfingen_0852.jpg\" alt=\"Familienbilder N\u00f6rdlingen \" \/><br \/>\n<img decoding=\"async\" title=\"Familienfotograf Donau-Ries \" src=\"https:\/\/sevikoch.de\/wp-content\/uploads\/2024\/10\/FamilienbilderNoerdlingen_SeviKoch_Kinderfotograf_Bopfingen_0860.jpg\" alt=\"Familienbilder N\u00f6rdlingen \" \/><br \/>\n<img decoding=\"async\" title=\"Familienfotograf Donau-Ries \" src=\"https:\/\/sevikoch.de\/wp-content\/uploads\/2024\/10\/FamilienbilderNoerdlingen_SeviKoch_Kinderfotograf_Bopfingen_0866.jpg\" alt=\"Familienbilder N\u00f6rdlingen \" \/><br \/>\n<img decoding=\"async\" title=\"Familienfotograf Donau-Ries \" src=\"https:\/\/sevikoch.de\/wp-content\/uploads\/2024\/10\/FamilienbilderNoerdlingen_SeviKoch_Kinderfotograf_Bopfingen_0867.jpg\" alt=\"Familienbilder N\u00f6rdlingen \" \/><br \/>\n<img decoding=\"async\" title=\"Familienfotograf Donau-Ries \" src=\"https:\/\/sevikoch.de\/wp-content\/uploads\/2024\/10\/FamilienbilderNoerdlingen_SeviKoch_Kinderfotograf_Bopfingen_0886.jpg\" alt=\"Familienbilder N\u00f6rdlingen \" \/><br \/>\n<img decoding=\"async\" title=\"Familienfotograf Donau-Ries \" src=\"https:\/\/sevikoch.de\/wp-content\/uploads\/2024\/10\/FamilienbilderNoerdlingen_SeviKoch_Kinderfotograf_Bopfingen_0879.jpg\" alt=\"Familienbilder N\u00f6rdlingen \" \/><br \/>\n<img decoding=\"async\" title=\"Familienfotograf Donau-Ries \" src=\"https:\/\/sevikoch.de\/wp-content\/uploads\/2024\/10\/FamilienbilderNoerdlingen_SeviKoch_Kinderfotograf_Bopfingen_0862.jpg\" alt=\"Familienbilder N\u00f6rdlingen \" \/><br \/>\n<img decoding=\"async\" title=\"Familienfotograf Donau-Ries \" src=\"https:\/\/sevikoch.de\/wp-content\/uploads\/2024\/10\/FamilienbilderNoerdlingen_SeviKoch_Kinderfotograf_Bopfingen_0845.jpg\" alt=\"Familienbilder N\u00f6rdlingen \" \/><br \/>\n<img decoding=\"async\" title=\"Familienfotograf Donau-Ries \" src=\"https:\/\/sevikoch.de\/wp-content\/uploads\/2024\/10\/FamilienbilderNoerdlingen_SeviKoch_Kinderfotograf_Bopfingen_0890.jpg\" alt=\"Familienbilder N\u00f6rdlingen \" \/><br \/>\n<img decoding=\"async\" title=\"Familienfotograf Donau-Ries \" src=\"https:\/\/sevikoch.de\/wp-content\/uploads\/2024\/10\/FamilienbilderNoerdlingen_SeviKoch_Kinderfotograf_Bopfingen_0875.jpg\" alt=\"Familienbilder N\u00f6rdlingen \" \/><br \/>\n<img decoding=\"async\" title=\"Familienfotograf Donau-Ries \" src=\"https:\/\/sevikoch.de\/wp-content\/uploads\/2024\/10\/FamilienbilderNoerdlingen_SeviKoch_Kinderfotograf_Bopfingen_0863.jpg\" alt=\"Familienbilder N\u00f6rdlingen \" \/><br \/>\n<img decoding=\"async\" title=\"Familienfotograf Donau-Ries \" src=\"https:\/\/sevikoch.de\/wp-content\/uploads\/2024\/10\/FamilienbilderNoerdlingen_SeviKoch_Kinderfotograf_Bopfingen_0893.jpg\" alt=\"Familienbilder N\u00f6rdlingen \" \/><br \/>\n<img decoding=\"async\" title=\"Familienfotograf Donau-Ries \" src=\"https:\/\/sevikoch.de\/wp-content\/uploads\/2024\/10\/FamilienbilderNoerdlingen_SeviKoch_Kinderfotograf_Bopfingen_0859.jpg\" alt=\"Familienbilder N\u00f6rdlingen \" \/><br \/>\n<img decoding=\"async\" title=\"Familienfotograf Donau-Ries \" src=\"https:\/\/sevikoch.de\/wp-content\/uploads\/2024\/10\/FamilienbilderNoerdlingen_SeviKoch_Kinderfotograf_Bopfingen_0861.jpg\" alt=\"Familienbilder N\u00f6rdlingen \" \/><br \/>\n<img decoding=\"async\" title=\"Familienfotograf Donau-Ries \" src=\"https:\/\/sevikoch.de\/wp-content\/uploads\/2024\/10\/FamilienbilderNoerdlingen_SeviKoch_Kinderfotograf_Bopfingen_0869.jpg\" alt=\"Familienbilder N\u00f6rdlingen \" \/><br \/>\n<img decoding=\"async\" title=\"Familienfotograf Donau-Ries \" src=\"https:\/\/sevikoch.de\/wp-content\/uploads\/2024\/10\/FamilienbilderNoerdlingen_SeviKoch_Kinderfotograf_Bopfingen_0878.jpg\" alt=\"Familienbilder N\u00f6rdlingen \" \/><br \/>\n<img decoding=\"async\" title=\"Familienfotograf Donau-Ries \" src=\"https:\/\/sevikoch.de\/wp-content\/uploads\/2024\/10\/FamilienbilderNoerdlingen_SeviKoch_Kinderfotograf_Bopfingen_0880.jpg\" alt=\"Familienbilder N\u00f6rdlingen \" \/><br \/>\n<img decoding=\"async\" title=\"Familienfotograf Donau-Ries \" src=\"https:\/\/sevikoch.de\/wp-content\/uploads\/2024\/10\/FamilienbilderNoerdlingen_SeviKoch_Kinderfotograf_Bopfingen_0874.jpg\" alt=\"Familienbilder N\u00f6rdlingen \" \/><br \/>\n<img decoding=\"async\" title=\"Familienfotograf Donau-Ries \" src=\"https:\/\/sevikoch.de\/wp-content\/uploads\/2024\/10\/FamilienbilderNoerdlingen_SeviKoch_Kinderfotograf_Bopfingen_0888.jpg\" alt=\"Familienbilder N\u00f6rdlingen \" \/><br \/>\n<img decoding=\"async\" title=\"Familienfotograf Donau-Ries \" src=\"https:\/\/sevikoch.de\/wp-content\/uploads\/2024\/10\/FamilienbilderNoerdlingen_SeviKoch_Kinderfotograf_Bopfingen_0889.jpg\" alt=\"Familienbilder N\u00f6rdlingen \" \/><br \/>\n<img decoding=\"async\" title=\"Familienfotograf Donau-Ries \" src=\"https:\/\/sevikoch.de\/wp-content\/uploads\/2024\/10\/FamilienbilderNoerdlingen_SeviKoch_Kinderfotograf_Bopfingen_0876.jpg\" alt=\"Familienbilder N\u00f6rdlingen \" \/><br \/>\n<img decoding=\"async\" title=\"Familienfotograf Donau-Ries \" src=\"https:\/\/sevikoch.de\/wp-content\/uploads\/2024\/10\/FamilienbilderNoerdlingen_SeviKoch_Kinderfotograf_Bopfingen_0871.jpg\" alt=\"Familienbilder N\u00f6rdlingen \" \/><br \/>\n<img decoding=\"async\" title=\"Familienfotograf Donau-Ries \" src=\"https:\/\/sevikoch.de\/wp-content\/uploads\/2024\/10\/FamilienbilderNoerdlingen_SeviKoch_Kinderfotograf_Bopfingen_0887.jpg\" alt=\"Familienbilder N\u00f6rdlingen \" \/><br \/>\n<img decoding=\"async\" title=\"Familienfotograf Donau-Ries \" src=\"https:\/\/sevikoch.de\/wp-content\/uploads\/2024\/10\/FamilienbilderNoerdlingen_SeviKoch_Kinderfotograf_Bopfingen_0894.jpg\" alt=\"Familienbilder N\u00f6rdlingen \" \/><br \/>\n<img decoding=\"async\" title=\"Familienfotograf Donau-Ries \" src=\"https:\/\/sevikoch.de\/wp-content\/uploads\/2024\/10\/FamilienbilderNoerdlingen_SeviKoch_Kinderfotograf_Bopfingen_0864.jpg\" alt=\"Familienbilder N\u00f6rdlingen \" \/><br \/>\n<img decoding=\"async\" title=\"Familienfotograf Donau-Ries \" src=\"https:\/\/sevikoch.de\/wp-content\/uploads\/2024\/10\/FamilienbilderNoerdlingen_SeviKoch_Kinderfotograf_Bopfingen_0872.jpg\" alt=\"Familienbilder N\u00f6rdlingen \" \/><br \/>\n<img decoding=\"async\" title=\"Familienfotograf Donau-Ries \" src=\"https:\/\/sevikoch.de\/wp-content\/uploads\/2024\/10\/FamilienbilderNoerdlingen_SeviKoch_Kinderfotograf_Bopfingen_0873.jpg\" alt=\"Familienbilder N\u00f6rdlingen \" \/><br \/>\n<img decoding=\"async\" title=\"Familienfotograf Donau-Ries \" src=\"https:\/\/sevikoch.de\/wp-content\/uploads\/2024\/10\/FamilienbilderNoerdlingen_SeviKoch_Kinderfotograf_Bopfingen_0884.jpg\" alt=\"Familienbilder N\u00f6rdlingen \" \/><br \/>\n<img decoding=\"async\" title=\"Familienfotograf Donau-Ries \" src=\"https:\/\/sevikoch.de\/wp-content\/uploads\/2024\/10\/FamilienbilderNoerdlingen_SeviKoch_Kinderfotograf_Bopfingen_0892.jpg\" alt=\"Familienbilder N\u00f6rdlingen \" \/><br \/>\n<img decoding=\"async\" title=\"Familienfotograf Donau-Ries \" src=\"https:\/\/sevikoch.de\/wp-content\/uploads\/2024\/10\/FamilienbilderNoerdlingen_SeviKoch_Kinderfotograf_Bopfingen_0870.jpg\" alt=\"Familienbilder N\u00f6rdlingen \" \/><br \/>\n<img decoding=\"async\" title=\"Familienfotograf Donau-Ries \" src=\"https:\/\/sevikoch.de\/wp-content\/uploads\/2024\/10\/FamilienbilderNoerdlingen_SeviKoch_Kinderfotograf_Bopfingen_0882.jpg\" alt=\"Familienbilder N\u00f6rdlingen \" \/><br \/>\n<img decoding=\"async\" title=\"Familienfotograf Donau-Ries \" src=\"https:\/\/sevikoch.de\/wp-content\/uploads\/2024\/10\/FamilienbilderNoerdlingen_SeviKoch_Kinderfotograf_Bopfingen_0891.jpg\" alt=\"Familienbilder N\u00f6rdlingen \" \/><\/p>\n","protected":false},"excerpt":{"rendered":"<p>Eine weitere Familie aus N\u00f6rdlingen durfte ich pers\u00f6nlich kennen lernen und einen wundersch\u00f6nen Shootingabend mit ihnen n\u00e4he Riesb\u00fcrg verbringen. Eine Traumloaction n\u00e4he N\u00f6rdlingen haben wir uns ausgesucht f\u00fcr ihre Familienmomente. Zu Beginn hat uns der Regen \u00fcberrascht und dann hat sich am Himmel ein unsagbar sch\u00f6nes Licht f\u00fcr ihre Bilder aufgetan. Ideal f\u00fcr Familienbilder im...<\/p>\n","protected":false},"author":1,"featured_media":20737,"comment_status":"open","ping_status":"open","sticky":false,"template":"","format":"standard","meta":{"_exactmetrics_skip_tracking":false,"_exactmetrics_sitenote_active":false,"_exactmetrics_sitenote_note":"","_exactmetrics_sitenote_category":0,"pp_embeds":"","footnotes":""},"categories":[382,32],"tags":[1200,1203,1147,1206,1201,1093,1202,1205,1204,1137,22],"class_list":["post-20686","post","type-post","status-publish","format-standard","has-post-thumbnail","hentry","category-familienshootings","category-neues-im-blog","tag-familienbilder-aalen","tag-familienbilder-ellwangen","tag-familienbilder-noerdlingen","tag-familienbilder-riesbuerg","tag-familienfotograf-dinkelsbuehl","tag-familienfotograf-noerdlingen","tag-familienfotograf-oettingen","tag-kinderfotograf-bopfingen","tag-kinderfotograf-tannhausen","tag-kinderfotograf-unterschneidheim","tag-sevi-koch"],"_links":{"self":[{"href":"https:\/\/sevikoch.de\/index.php\/wp-json\/wp\/v2\/posts\/20686","targetHints":{"allow":["GET"]}}],"collection":[{"href":"https:\/\/sevikoch.de\/index.php\/wp-json\/wp\/v2\/posts"}],"about":[{"href":"https:\/\/sevikoch.de\/index.php\/wp-json\/wp\/v2\/types\/post"}],"author":[{"embeddable":true,"href":"https:\/\/sevikoch.de\/index.php\/wp-json\/wp\/v2\/users\/1"}],"replies":[{"embeddable":true,"href":"https:\/\/sevikoch.de\/index.php\/wp-json\/wp\/v2\/comments?post=20686"}],"version-history":[{"count":3,"href":"https:\/\/sevikoch.de\/index.php\/wp-json\/wp\/v2\/posts\/20686\/revisions"}],"predecessor-version":[{"id":20740,"href":"https:\/\/sevikoch.de\/index.php\/wp-json\/wp\/v2\/posts\/20686\/revisions\/20740"}],"wp:featuredmedia":[{"embeddable":true,"href":"https:\/\/sevikoch.de\/index.php\/wp-json\/wp\/v2\/media\/20737"}],"wp:attachment":[{"href":"https:\/\/sevikoch.de\/index.php\/wp-json\/wp\/v2\/media?parent=20686"}],"wp:term":[{"taxonomy":"category","embeddable":true,"href":"https:\/\/sevikoch.de\/index.php\/wp-json\/wp\/v2\/categories?post=20686"},{"taxonomy":"post_tag","embeddable":true,"href":"https:\/\/sevikoch.de\/index.php\/wp-json\/wp\/v2\/tags?post=20686"}],"curies":[{"name":"wp","href":"https:\/\/api.w.org\/{rel}","templated":true}]}}