{"id":20618,"date":"2024-10-14T14:06:36","date_gmt":"2024-10-14T13:06:36","guid":{"rendered":"https:\/\/sevikoch.de\/?p=20618"},"modified":"2024-10-14T14:06:36","modified_gmt":"2024-10-14T13:06:36","slug":"natuerliche-familienbilder-im-raum-noerdlingen-moettingen-dinkelsbuehl-ellwangen-sevi-koch-fotografin-unterschneidheim","status":"publish","type":"post","link":"https:\/\/sevikoch.de\/index.php\/natuerliche-familienbilder-im-raum-noerdlingen-moettingen-dinkelsbuehl-ellwangen-sevi-koch-fotografin-unterschneidheim\/","title":{"rendered":"Nat\u00fcrliche Familienbilder im Raum N\u00f6rdlingen &#8211; M\u00f6ttingen &#8211; Dinkelsb\u00fchl &#8211; Ellwangen &#8211; Sevi Koch Fotografin Unterschneidheim"},"content":{"rendered":"<p>Es gab ein wundersch\u00f6nes Wiedersehen f\u00fcr Familienmomente auf eine nat\u00fcrliche und echte Weise. Das Wetter war wie meistens auf unserer Seite und so konnten wir die Erinnerungen f\u00fcr die liebe Familie bei besten Lichtverh\u00e4ltnissen festhalten. <img decoding=\"async\" title=\"Familienfotograf_No\u0308rdlingen_Familienbilder_0792.jpg\" src=\"https:\/\/sevikoch.de\/wp-content\/uploads\/2024\/10\/Familienfotograf_Noerdlingen_Familienbilder_0792.jpg\" alt=\"Familienfotograf_No\u0308rdlingen_Familienbilder_0792.jpg\" \/><br \/>\n<img decoding=\"async\" title=\"Familienfotograf_No\u0308rdlingen_Familienbilder_0791.jpg\" src=\"https:\/\/sevikoch.de\/wp-content\/uploads\/2024\/10\/Familienfotograf_Noerdlingen_Familienbilder_0791.jpg\" alt=\"Familienfotograf_No\u0308rdlingen_Familienbilder_0791.jpg\" \/><br \/>\n<img decoding=\"async\" title=\"Familienfotograf_No\u0308rdlingen_Familienbilder_0793.jpg\" src=\"https:\/\/sevikoch.de\/wp-content\/uploads\/2024\/10\/Familienfotograf_Noerdlingen_Familienbilder_0793.jpg\" alt=\"Familienfotograf_No\u0308rdlingen_Familienbilder_0793.jpg\" \/><br \/>\n<img decoding=\"async\" title=\"Familienfotograf_No\u0308rdlingen_Familienbilder_0794.jpg\" src=\"https:\/\/sevikoch.de\/wp-content\/uploads\/2024\/10\/Familienfotograf_Noerdlingen_Familienbilder_0794.jpg\" alt=\"Familienfotograf_No\u0308rdlingen_Familienbilder_0794.jpg\" \/><br \/>\n<img decoding=\"async\" title=\"Familienfotograf_No\u0308rdlingen_Familienbilder_0786.jpg\" src=\"https:\/\/sevikoch.de\/wp-content\/uploads\/2024\/10\/Familienfotograf_Noerdlingen_Familienbilder_0786.jpg\" alt=\"Familienfotograf_No\u0308rdlingen_Familienbilder_0786.jpg\" \/><br \/>\n<img decoding=\"async\" title=\"Familienfotograf_No\u0308rdlingen_Familienbilder_0789.jpg\" src=\"https:\/\/sevikoch.de\/wp-content\/uploads\/2024\/10\/Familienfotograf_Noerdlingen_Familienbilder_0789.jpg\" alt=\"Familienfotograf_No\u0308rdlingen_Familienbilder_0789.jpg\" \/><br \/>\n<img decoding=\"async\" title=\"Familienfotograf_No\u0308rdlingen_Familienbilder_0790.jpg\" src=\"https:\/\/sevikoch.de\/wp-content\/uploads\/2024\/10\/Familienfotograf_Noerdlingen_Familienbilder_0790.jpg\" alt=\"Familienfotograf_No\u0308rdlingen_Familienbilder_0790.jpg\" \/><br \/>\n<img decoding=\"async\" title=\"Familienfotograf_No\u0308rdlingen_Familienbilder_0803.jpg\" src=\"https:\/\/sevikoch.de\/wp-content\/uploads\/2024\/10\/Familienfotograf_Noerdlingen_Familienbilder_0803.jpg\" alt=\"Familienfotograf_No\u0308rdlingen_Familienbilder_0803.jpg\" \/><br \/>\n<img decoding=\"async\" title=\"Familienfotograf_No\u0308rdlingen_Familienbilder_0787.jpg\" src=\"https:\/\/sevikoch.de\/wp-content\/uploads\/2024\/10\/Familienfotograf_Noerdlingen_Familienbilder_0787.jpg\" alt=\"Familienfotograf_No\u0308rdlingen_Familienbilder_0787.jpg\" \/><br \/>\n<img decoding=\"async\" title=\"Familienfotograf_No\u0308rdlingen_Familienbilder_0802.jpg\" src=\"https:\/\/sevikoch.de\/wp-content\/uploads\/2024\/10\/Familienfotograf_Noerdlingen_Familienbilder_0802.jpg\" alt=\"Familienfotograf_No\u0308rdlingen_Familienbilder_0802.jpg\" \/><br \/>\n<img decoding=\"async\" title=\"Familienfotograf_No\u0308rdlingen_Familienbilder_0797.jpg\" src=\"https:\/\/sevikoch.de\/wp-content\/uploads\/2024\/10\/Familienfotograf_Noerdlingen_Familienbilder_0797.jpg\" alt=\"Familienfotograf_No\u0308rdlingen_Familienbilder_0797.jpg\" \/><br \/>\n<img decoding=\"async\" title=\"Familienfotograf_No\u0308rdlingen_Familienbilder_0796.jpg\" src=\"https:\/\/sevikoch.de\/wp-content\/uploads\/2024\/10\/Familienfotograf_Noerdlingen_Familienbilder_0796.jpg\" alt=\"Familienfotograf_No\u0308rdlingen_Familienbilder_0796.jpg\" \/><br \/>\n<img decoding=\"async\" title=\"Familienfotograf_No\u0308rdlingen_Familienbilder_0799.jpg\" src=\"https:\/\/sevikoch.de\/wp-content\/uploads\/2024\/10\/Familienfotograf_Noerdlingen_Familienbilder_0799.jpg\" alt=\"Familienfotograf_No\u0308rdlingen_Familienbilder_0799.jpg\" \/><br \/>\n<img decoding=\"async\" title=\"Familienfotograf_No\u0308rdlingen_Familienbilder_0801.jpg\" src=\"https:\/\/sevikoch.de\/wp-content\/uploads\/2024\/10\/Familienfotograf_Noerdlingen_Familienbilder_0801.jpg\" alt=\"Familienfotograf_No\u0308rdlingen_Familienbilder_0801.jpg\" \/><br \/>\n<img decoding=\"async\" title=\"Familienfotograf_No\u0308rdlingen_Familienbilder_0800.jpg\" src=\"https:\/\/sevikoch.de\/wp-content\/uploads\/2024\/10\/Familienfotograf_Noerdlingen_Familienbilder_0800.jpg\" alt=\"Familienfotograf_No\u0308rdlingen_Familienbilder_0800.jpg\" \/><br \/>\n<img decoding=\"async\" title=\"Familienfotograf_No\u0308rdlingen_Familienbilder_0805.jpg\" src=\"https:\/\/sevikoch.de\/wp-content\/uploads\/2024\/10\/Familienfotograf_Noerdlingen_Familienbilder_0805.jpg\" alt=\"Familienfotograf_No\u0308rdlingen_Familienbilder_0805.jpg\" \/><br \/>\n<img decoding=\"async\" title=\"Familienfotograf_No\u0308rdlingen_Familienbilder_0795.jpg\" src=\"https:\/\/sevikoch.de\/wp-content\/uploads\/2024\/10\/Familienfotograf_Noerdlingen_Familienbilder_0795.jpg\" alt=\"Familienfotograf_No\u0308rdlingen_Familienbilder_0795.jpg\" \/><br \/>\n<img decoding=\"async\" title=\"Familienfotograf_No\u0308rdlingen_Familienbilder_0798.jpg\" src=\"https:\/\/sevikoch.de\/wp-content\/uploads\/2024\/10\/Familienfotograf_Noerdlingen_Familienbilder_0798.jpg\" alt=\"Familienfotograf_No\u0308rdlingen_Familienbilder_0798.jpg\" \/><br \/>\n<img decoding=\"async\" title=\"Familienfotograf_No\u0308rdlingen_Familienbilder_0804.jpg\" src=\"https:\/\/sevikoch.de\/wp-content\/uploads\/2024\/10\/Familienfotograf_Noerdlingen_Familienbilder_0804.jpg\" alt=\"Familienfotograf_No\u0308rdlingen_Familienbilder_0804.jpg\" \/><br \/>\n<img decoding=\"async\" title=\"Familienfotograf_No\u0308rdlingen_Familienbilder_0806.jpg\" src=\"https:\/\/sevikoch.de\/wp-content\/uploads\/2024\/10\/Familienfotograf_Noerdlingen_Familienbilder_0806.jpg\" alt=\"Familienfotograf_No\u0308rdlingen_Familienbilder_0806.jpg\" \/><br \/>\n<img decoding=\"async\" title=\"Familienfotograf_No\u0308rdlingen_Familienbilder_0788.jpg\" src=\"https:\/\/sevikoch.de\/wp-content\/uploads\/2024\/10\/Familienfotograf_Noerdlingen_Familienbilder_0788.jpg\" alt=\"Familienfotograf_No\u0308rdlingen_Familienbilder_0788.jpg\" \/><\/p>\n","protected":false},"excerpt":{"rendered":"<p>Es gab ein wundersch\u00f6nes Wiedersehen f\u00fcr Familienmomente auf eine nat\u00fcrliche und echte Weise. Das Wetter war wie meistens auf unserer Seite und so konnten wir die Erinnerungen f\u00fcr die liebe Familie bei besten Lichtverh\u00e4ltnissen festhalten.<\/p>\n","protected":false},"author":1,"featured_media":20638,"comment_status":"open","ping_status":"open","sticky":false,"template":"","format":"standard","meta":{"_exactmetrics_skip_tracking":false,"_exactmetrics_sitenote_active":false,"_exactmetrics_sitenote_note":"","_exactmetrics_sitenote_category":0,"pp_embeds":"","footnotes":""},"categories":[382,32],"tags":[1142,1147,1193,1195,1197,1194,1196,22],"class_list":["post-20618","post","type-post","status-publish","format-standard","has-post-thumbnail","hentry","category-familienshootings","category-neues-im-blog","tag-familienbilder-bopfingen","tag-familienbilder-noerdlingen","tag-familienfotograf-kirchheim-am-ries","tag-fotograf-marktoffingen","tag-fotograf-schopfloch","tag-kinderfotograf-dinkelsbuehl","tag-kinderfotograf-maihingen","tag-sevi-koch"],"_links":{"self":[{"href":"https:\/\/sevikoch.de\/index.php\/wp-json\/wp\/v2\/posts\/20618","targetHints":{"allow":["GET"]}}],"collection":[{"href":"https:\/\/sevikoch.de\/index.php\/wp-json\/wp\/v2\/posts"}],"about":[{"href":"https:\/\/sevikoch.de\/index.php\/wp-json\/wp\/v2\/types\/post"}],"author":[{"embeddable":true,"href":"https:\/\/sevikoch.de\/index.php\/wp-json\/wp\/v2\/users\/1"}],"replies":[{"embeddable":true,"href":"https:\/\/sevikoch.de\/index.php\/wp-json\/wp\/v2\/comments?post=20618"}],"version-history":[{"count":3,"href":"https:\/\/sevikoch.de\/index.php\/wp-json\/wp\/v2\/posts\/20618\/revisions"}],"predecessor-version":[{"id":20642,"href":"https:\/\/sevikoch.de\/index.php\/wp-json\/wp\/v2\/posts\/20618\/revisions\/20642"}],"wp:featuredmedia":[{"embeddable":true,"href":"https:\/\/sevikoch.de\/index.php\/wp-json\/wp\/v2\/media\/20638"}],"wp:attachment":[{"href":"https:\/\/sevikoch.de\/index.php\/wp-json\/wp\/v2\/media?parent=20618"}],"wp:term":[{"taxonomy":"category","embeddable":true,"href":"https:\/\/sevikoch.de\/index.php\/wp-json\/wp\/v2\/categories?post=20618"},{"taxonomy":"post_tag","embeddable":true,"href":"https:\/\/sevikoch.de\/index.php\/wp-json\/wp\/v2\/tags?post=20618"}],"curies":[{"name":"wp","href":"https:\/\/api.w.org\/{rel}","templated":true}]}}