{"id":20260,"date":"2024-05-15T08:14:38","date_gmt":"2024-05-15T07:14:38","guid":{"rendered":"https:\/\/sevikoch.de\/?p=20260"},"modified":"2024-05-15T08:14:38","modified_gmt":"2024-05-15T07:14:38","slug":"babyfotos-noerdlingen-natuerliche-erinnerungen-an-das-sitzalter-sevi-koch-babyfotograf-kirchheim-am-ries-bopfingen-pflaumloch-trochtelfingen-noerdlingen-und-umgebung","status":"publish","type":"post","link":"https:\/\/sevikoch.de\/index.php\/babyfotos-noerdlingen-natuerliche-erinnerungen-an-das-sitzalter-sevi-koch-babyfotograf-kirchheim-am-ries-bopfingen-pflaumloch-trochtelfingen-noerdlingen-und-umgebung\/","title":{"rendered":"Babyfotos N\u00f6rdlingen &#8211; nat\u00fcrliche Erinnerungen an das Sitzalter &#8211; Sevi Koch &#8211; Babyfotograf Kirchheim am Ries, Bopfingen, Pflaumloch, Trochtelfingen, N\u00f6rdlingen und Umgebung"},"content":{"rendered":"<p>Hach was war der April f\u00fcr ein wundersch\u00f6ner Monat. Das Studio hat sich so schnell mit so wundervollen Momenten der unterschiedlichsten Art gef\u00fcllt. Nach meinem Umzug nach Unterschneidheim n\u00e4he N\u00f6rdlingen durfte ich schon viele neue Familien kennen lernen und jede Menge sch\u00f6ner Momente festhalten. Die Familie mit der kleinen Maus hier hat mich im neuen Studio besucht und ich freue mich sehr, dass ich euch einen Einblick ins Shooting geben kann:<\/p>\n<p><img decoding=\"async\" title=\"Sevi Koch, Fotograf Unterschneidheim, Sevi Koch, Babybilder Donau-Ries \" src=\"https:\/\/sevikoch.de\/wp-content\/uploads\/2024\/05\/Babyfotos-No\u0308rdlingen-Babyfotos-Aalen-Babyfotograf-Zipplingen-Babyfotograf-Baldingen-Sevi-Koch-Fotograf-Donau-Ries_0801.jpg\" alt=\"Babyfotos N\u00f6rdlingen, Babyfotograf Unterschneidheim, Babyfotos Ellwangen, Babyfotos Westhausen, Sevi Koch, Fotograf Donau-Ries \" \/><br \/>\n<img decoding=\"async\" title=\"Sevi Koch, Fotograf Unterschneidheim, Sevi Koch, Babybilder Donau-Ries \" src=\"https:\/\/sevikoch.de\/wp-content\/uploads\/2024\/05\/Babyfotos-No\u0308rdlingen-Babyfotos-Aalen-Babyfotograf-Zipplingen-Babyfotograf-Baldingen-Sevi-Koch-Fotograf-Donau-Ries_0795.jpg\" alt=\"Babyfotos N\u00f6rdlingen, Babyfotograf Unterschneidheim, Babyfotos Ellwangen, Babyfotos Westhausen, Sevi Koch, Fotograf Donau-Ries \" \/><br \/>\n<img decoding=\"async\" title=\"Sevi Koch, Fotograf Unterschneidheim, Sevi Koch, Babybilder Donau-Ries \" src=\"https:\/\/sevikoch.de\/wp-content\/uploads\/2024\/05\/Babyfotos-No\u0308rdlingen-Babyfotos-Aalen-Babyfotograf-Zipplingen-Babyfotograf-Baldingen-Sevi-Koch-Fotograf-Donau-Ries_0783.jpg\" alt=\"Babyfotos N\u00f6rdlingen, Babyfotograf Unterschneidheim, Babyfotos Ellwangen, Babyfotos Westhausen, Sevi Koch, Fotograf Donau-Ries \" \/><br \/>\n<img decoding=\"async\" title=\"Sevi Koch, Fotograf Unterschneidheim, Sevi Koch, Babybilder Donau-Ries \" src=\"https:\/\/sevikoch.de\/wp-content\/uploads\/2024\/05\/Babyfotos-No\u0308rdlingen-Babyfotos-Aalen-Babyfotograf-Zipplingen-Babyfotograf-Baldingen-Sevi-Koch-Fotograf-Donau-Ries_0807.jpg\" alt=\"Babyfotos N\u00f6rdlingen, Babyfotograf Unterschneidheim, Babyfotos Ellwangen, Babyfotos Westhausen, Sevi Koch, Fotograf Donau-Ries \" \/><br \/>\n<img decoding=\"async\" title=\"Sevi Koch, Fotograf Unterschneidheim, Sevi Koch, Babybilder Donau-Ries \" src=\"https:\/\/sevikoch.de\/wp-content\/uploads\/2024\/05\/Babyfotos-No\u0308rdlingen-Babyfotos-Aalen-Babyfotograf-Zipplingen-Babyfotograf-Baldingen-Sevi-Koch-Fotograf-Donau-Ries_0828.jpg\" alt=\"Babyfotos N\u00f6rdlingen, Babyfotograf Unterschneidheim, Babyfotos Ellwangen, Babyfotos Westhausen, Sevi Koch, Fotograf Donau-Ries \" \/><br \/>\n<img decoding=\"async\" title=\"Sevi Koch, Fotograf Unterschneidheim, Sevi Koch, Babybilder Donau-Ries \" src=\"https:\/\/sevikoch.de\/wp-content\/uploads\/2024\/05\/Babyfotos-No\u0308rdlingen-Babyfotos-Aalen-Babyfotograf-Zipplingen-Babyfotograf-Baldingen-Sevi-Koch-Fotograf-Donau-Ries_0797.jpg\" alt=\"Babyfotos N\u00f6rdlingen, Babyfotograf Unterschneidheim, Babyfotos Ellwangen, Babyfotos Westhausen, Sevi Koch, Fotograf Donau-Ries \" \/><br \/>\n<img decoding=\"async\" title=\"Sevi Koch, Fotograf Unterschneidheim, Sevi Koch, Babybilder Donau-Ries \" src=\"https:\/\/sevikoch.de\/wp-content\/uploads\/2024\/05\/Babyfotos-No\u0308rdlingen-Babyfotos-Aalen-Babyfotograf-Zipplingen-Babyfotograf-Baldingen-Sevi-Koch-Fotograf-Donau-Ries_0782.jpg\" alt=\"Babyfotos N\u00f6rdlingen, Babyfotograf Unterschneidheim, Babyfotos Ellwangen, Babyfotos Westhausen, Sevi Koch, Fotograf Donau-Ries \" \/><br \/>\n<img decoding=\"async\" title=\"Sevi Koch, Fotograf Unterschneidheim, Sevi Koch, Babybilder Donau-Ries \" src=\"https:\/\/sevikoch.de\/wp-content\/uploads\/2024\/05\/Babyfotos-No\u0308rdlingen-Babyfotos-Aalen-Babyfotograf-Zipplingen-Babyfotograf-Baldingen-Sevi-Koch-Fotograf-Donau-Ries_0784.jpg\" alt=\"Babyfotos N\u00f6rdlingen, Babyfotograf Unterschneidheim, Babyfotos Ellwangen, Babyfotos Westhausen, Sevi Koch, Fotograf Donau-Ries \" \/><br \/>\n<img decoding=\"async\" title=\"Sevi Koch, Fotograf Unterschneidheim, Sevi Koch, Babybilder Donau-Ries \" src=\"https:\/\/sevikoch.de\/wp-content\/uploads\/2024\/05\/Babyfotos-No\u0308rdlingen-Babyfotos-Aalen-Babyfotograf-Zipplingen-Babyfotograf-Baldingen-Sevi-Koch-Fotograf-Donau-Ries_0788.jpg\" alt=\"Babyfotos N\u00f6rdlingen, Babyfotograf Unterschneidheim, Babyfotos Ellwangen, Babyfotos Westhausen, Sevi Koch, Fotograf Donau-Ries \" \/><br \/>\n<img decoding=\"async\" title=\"Sevi Koch, Fotograf Unterschneidheim, Sevi Koch, Babybilder Donau-Ries \" src=\"https:\/\/sevikoch.de\/wp-content\/uploads\/2024\/05\/Babyfotos-No\u0308rdlingen-Babyfotos-Aalen-Babyfotograf-Zipplingen-Babyfotograf-Baldingen-Sevi-Koch-Fotograf-Donau-Ries_0814.jpg\" alt=\"Babyfotos N\u00f6rdlingen, Babyfotograf Unterschneidheim, Babyfotos Ellwangen, Babyfotos Westhausen, Sevi Koch, Fotograf Donau-Ries \" \/><br \/>\n<img decoding=\"async\" title=\"Sevi Koch, Fotograf Unterschneidheim, Sevi Koch, Babybilder Donau-Ries \" src=\"https:\/\/sevikoch.de\/wp-content\/uploads\/2024\/05\/Babyfotos-No\u0308rdlingen-Babyfotos-Aalen-Babyfotograf-Zipplingen-Babyfotograf-Baldingen-Sevi-Koch-Fotograf-Donau-Ries_0825.jpg\" alt=\"Babyfotos N\u00f6rdlingen, Babyfotograf Unterschneidheim, Babyfotos Ellwangen, Babyfotos Westhausen, Sevi Koch, Fotograf Donau-Ries \" \/><br \/>\n<img decoding=\"async\" title=\"Sevi Koch, Fotograf Unterschneidheim, Sevi Koch, Babybilder Donau-Ries \" src=\"https:\/\/sevikoch.de\/wp-content\/uploads\/2024\/05\/Babyfotos-No\u0308rdlingen-Babyfotos-Aalen-Babyfotograf-Zipplingen-Babyfotograf-Baldingen-Sevi-Koch-Fotograf-Donau-Ries_0819.jpg\" alt=\"Babyfotos N\u00f6rdlingen, Babyfotograf Unterschneidheim, Babyfotos Ellwangen, Babyfotos Westhausen, Sevi Koch, Fotograf Donau-Ries \" \/><br \/>\n<img decoding=\"async\" title=\"Sevi Koch, Fotograf Unterschneidheim, Sevi Koch, Babybilder Donau-Ries \" src=\"https:\/\/sevikoch.de\/wp-content\/uploads\/2024\/05\/Babyfotos-No\u0308rdlingen-Babyfotos-Aalen-Babyfotograf-Zipplingen-Babyfotograf-Baldingen-Sevi-Koch-Fotograf-Donau-Ries_0790.jpg\" alt=\"Babyfotos N\u00f6rdlingen, Babyfotograf Unterschneidheim, Babyfotos Ellwangen, Babyfotos Westhausen, Sevi Koch, Fotograf Donau-Ries \" \/><br \/>\n<img decoding=\"async\" title=\"Sevi Koch, Fotograf Unterschneidheim, Sevi Koch, Babybilder Donau-Ries \" src=\"https:\/\/sevikoch.de\/wp-content\/uploads\/2024\/05\/Babyfotos-No\u0308rdlingen-Babyfotos-Aalen-Babyfotograf-Zipplingen-Babyfotograf-Baldingen-Sevi-Koch-Fotograf-Donau-Ries_0827.jpg\" alt=\"Babyfotos N\u00f6rdlingen, Babyfotograf Unterschneidheim, Babyfotos Ellwangen, Babyfotos Westhausen, Sevi Koch, Fotograf Donau-Ries \" \/><br \/>\n<img decoding=\"async\" title=\"Sevi Koch, Fotograf Unterschneidheim, Sevi Koch, Babybilder Donau-Ries \" src=\"https:\/\/sevikoch.de\/wp-content\/uploads\/2024\/05\/Babyfotos-No\u0308rdlingen-Babyfotos-Aalen-Babyfotograf-Zipplingen-Babyfotograf-Baldingen-Sevi-Koch-Fotograf-Donau-Ries_0787.jpg\" alt=\"Babyfotos N\u00f6rdlingen, Babyfotograf Unterschneidheim, Babyfotos Ellwangen, Babyfotos Westhausen, Sevi Koch, Fotograf Donau-Ries \" \/><br \/>\n<img decoding=\"async\" title=\"Sevi Koch, Fotograf Unterschneidheim, Sevi Koch, Babybilder Donau-Ries \" src=\"https:\/\/sevikoch.de\/wp-content\/uploads\/2024\/05\/Babyfotos-No\u0308rdlingen-Babyfotos-Aalen-Babyfotograf-Zipplingen-Babyfotograf-Baldingen-Sevi-Koch-Fotograf-Donau-Ries_0813.jpg\" alt=\"Babyfotos N\u00f6rdlingen, Babyfotograf Unterschneidheim, Babyfotos Ellwangen, Babyfotos Westhausen, Sevi Koch, Fotograf Donau-Ries \" \/><br \/>\n<img decoding=\"async\" title=\"Sevi Koch, Fotograf Unterschneidheim, Sevi Koch, Babybilder Donau-Ries \" src=\"https:\/\/sevikoch.de\/wp-content\/uploads\/2024\/05\/Babyfotos-No\u0308rdlingen-Babyfotos-Aalen-Babyfotograf-Zipplingen-Babyfotograf-Baldingen-Sevi-Koch-Fotograf-Donau-Ries_0816.jpg\" alt=\"Babyfotos N\u00f6rdlingen, Babyfotograf Unterschneidheim, Babyfotos Ellwangen, Babyfotos Westhausen, Sevi Koch, Fotograf Donau-Ries \" \/><br \/>\n<img decoding=\"async\" title=\"Sevi Koch, Fotograf Unterschneidheim, Sevi Koch, Babybilder Donau-Ries \" src=\"https:\/\/sevikoch.de\/wp-content\/uploads\/2024\/05\/Babyfotos-No\u0308rdlingen-Babyfotos-Aalen-Babyfotograf-Zipplingen-Babyfotograf-Baldingen-Sevi-Koch-Fotograf-Donau-Ries_0820.jpg\" alt=\"Babyfotos N\u00f6rdlingen, Babyfotograf Unterschneidheim, Babyfotos Ellwangen, Babyfotos Westhausen, Sevi Koch, Fotograf Donau-Ries \" \/><br \/>\n<img decoding=\"async\" title=\"Sevi Koch, Fotograf Unterschneidheim, Sevi Koch, Babybilder Donau-Ries \" src=\"https:\/\/sevikoch.de\/wp-content\/uploads\/2024\/05\/Babyfotos-No\u0308rdlingen-Babyfotos-Aalen-Babyfotograf-Zipplingen-Babyfotograf-Baldingen-Sevi-Koch-Fotograf-Donau-Ries_0822.jpg\" alt=\"Babyfotos N\u00f6rdlingen, Babyfotograf Unterschneidheim, Babyfotos Ellwangen, Babyfotos Westhausen, Sevi Koch, Fotograf Donau-Ries \" \/><br \/>\n<img decoding=\"async\" title=\"Sevi Koch, Fotograf Unterschneidheim, Sevi Koch, Babybilder Donau-Ries \" src=\"https:\/\/sevikoch.de\/wp-content\/uploads\/2024\/05\/Babyfotos-No\u0308rdlingen-Babyfotos-Aalen-Babyfotograf-Zipplingen-Babyfotograf-Baldingen-Sevi-Koch-Fotograf-Donau-Ries_0810.jpg\" alt=\"Babyfotos N\u00f6rdlingen, Babyfotograf Unterschneidheim, Babyfotos Ellwangen, Babyfotos Westhausen, Sevi Koch, Fotograf Donau-Ries \" \/><br \/>\n<img decoding=\"async\" title=\"Sevi Koch, Fotograf Unterschneidheim, Sevi Koch, Babybilder Donau-Ries \" src=\"https:\/\/sevikoch.de\/wp-content\/uploads\/2024\/05\/Babyfotos-No\u0308rdlingen-Babyfotos-Aalen-Babyfotograf-Zipplingen-Babyfotograf-Baldingen-Sevi-Koch-Fotograf-Donau-Ries_0824.jpg\" alt=\"Babyfotos N\u00f6rdlingen, Babyfotograf Unterschneidheim, Babyfotos Ellwangen, Babyfotos Westhausen, Sevi Koch, Fotograf Donau-Ries \" \/><br \/>\n<img decoding=\"async\" title=\"Sevi Koch, Fotograf Unterschneidheim, Sevi Koch, Babybilder Donau-Ries \" src=\"https:\/\/sevikoch.de\/wp-content\/uploads\/2024\/05\/Babyfotos-No\u0308rdlingen-Babyfotos-Aalen-Babyfotograf-Zipplingen-Babyfotograf-Baldingen-Sevi-Koch-Fotograf-Donau-Ries_0786.jpg\" alt=\"Babyfotos N\u00f6rdlingen, Babyfotograf Unterschneidheim, Babyfotos Ellwangen, Babyfotos Westhausen, Sevi Koch, Fotograf Donau-Ries \" \/><br \/>\n<img decoding=\"async\" title=\"Sevi Koch, Fotograf Unterschneidheim, Sevi Koch, Babybilder Donau-Ries \" src=\"https:\/\/sevikoch.de\/wp-content\/uploads\/2024\/05\/Babyfotos-No\u0308rdlingen-Babyfotos-Aalen-Babyfotograf-Zipplingen-Babyfotograf-Baldingen-Sevi-Koch-Fotograf-Donau-Ries_0792.jpg\" alt=\"Babyfotos N\u00f6rdlingen, Babyfotograf Unterschneidheim, Babyfotos Ellwangen, Babyfotos Westhausen, Sevi Koch, Fotograf Donau-Ries \" \/><br \/>\n<img decoding=\"async\" title=\"Sevi Koch, Fotograf Unterschneidheim, Sevi Koch, Babybilder Donau-Ries \" src=\"https:\/\/sevikoch.de\/wp-content\/uploads\/2024\/05\/Babyfotos-No\u0308rdlingen-Babyfotos-Aalen-Babyfotograf-Zipplingen-Babyfotograf-Baldingen-Sevi-Koch-Fotograf-Donau-Ries_0804.jpg\" alt=\"Babyfotos N\u00f6rdlingen, Babyfotograf Unterschneidheim, Babyfotos Ellwangen, Babyfotos Westhausen, Sevi Koch, Fotograf Donau-Ries \" \/><br \/>\n<img decoding=\"async\" title=\"Sevi Koch, Fotograf Unterschneidheim, Sevi Koch, Babybilder Donau-Ries \" src=\"https:\/\/sevikoch.de\/wp-content\/uploads\/2024\/05\/Babyfotos-No\u0308rdlingen-Babyfotos-Aalen-Babyfotograf-Zipplingen-Babyfotograf-Baldingen-Sevi-Koch-Fotograf-Donau-Ries_0789.jpg\" alt=\"Babyfotos N\u00f6rdlingen, Babyfotograf Unterschneidheim, Babyfotos Ellwangen, Babyfotos Westhausen, Sevi Koch, Fotograf Donau-Ries \" \/><br \/>\n<img decoding=\"async\" title=\"Sevi Koch, Fotograf Unterschneidheim, Sevi Koch, Babybilder Donau-Ries \" src=\"https:\/\/sevikoch.de\/wp-content\/uploads\/2024\/05\/Babyfotos-No\u0308rdlingen-Babyfotos-Aalen-Babyfotograf-Zipplingen-Babyfotograf-Baldingen-Sevi-Koch-Fotograf-Donau-Ries_0800.jpg\" alt=\"Babyfotos N\u00f6rdlingen, Babyfotograf Unterschneidheim, Babyfotos Ellwangen, Babyfotos Westhausen, Sevi Koch, Fotograf Donau-Ries \" \/><br \/>\n<img decoding=\"async\" title=\"Sevi Koch, Fotograf Unterschneidheim, Sevi Koch, Babybilder Donau-Ries \" src=\"https:\/\/sevikoch.de\/wp-content\/uploads\/2024\/05\/Babyfotos-No\u0308rdlingen-Babyfotos-Aalen-Babyfotograf-Zipplingen-Babyfotograf-Baldingen-Sevi-Koch-Fotograf-Donau-Ries_0821.jpg\" alt=\"Babyfotos N\u00f6rdlingen, Babyfotograf Unterschneidheim, Babyfotos Ellwangen, Babyfotos Westhausen, Sevi Koch, Fotograf Donau-Ries \" \/><br \/>\n<img decoding=\"async\" title=\"Sevi Koch, Fotograf Unterschneidheim, Sevi Koch, Babybilder Donau-Ries \" src=\"https:\/\/sevikoch.de\/wp-content\/uploads\/2024\/05\/Babyfotos-No\u0308rdlingen-Babyfotos-Aalen-Babyfotograf-Zipplingen-Babyfotograf-Baldingen-Sevi-Koch-Fotograf-Donau-Ries_0815.jpg\" alt=\"Babyfotos N\u00f6rdlingen, Babyfotograf Unterschneidheim, Babyfotos Ellwangen, Babyfotos Westhausen, Sevi Koch, Fotograf Donau-Ries \" \/><br \/>\n<img decoding=\"async\" title=\"Sevi Koch, Fotograf Unterschneidheim, Sevi Koch, Babybilder Donau-Ries \" src=\"https:\/\/sevikoch.de\/wp-content\/uploads\/2024\/05\/Babyfotos-No\u0308rdlingen-Babyfotos-Aalen-Babyfotograf-Zipplingen-Babyfotograf-Baldingen-Sevi-Koch-Fotograf-Donau-Ries_0806.jpg\" alt=\"Babyfotos N\u00f6rdlingen, Babyfotograf Unterschneidheim, Babyfotos Ellwangen, Babyfotos Westhausen, Sevi Koch, Fotograf Donau-Ries \" \/><br \/>\n<img decoding=\"async\" title=\"Sevi Koch, Fotograf Unterschneidheim, Sevi Koch, Babybilder Donau-Ries \" src=\"https:\/\/sevikoch.de\/wp-content\/uploads\/2024\/05\/Babyfotos-No\u0308rdlingen-Babyfotos-Aalen-Babyfotograf-Zipplingen-Babyfotograf-Baldingen-Sevi-Koch-Fotograf-Donau-Ries_0794.jpg\" alt=\"Babyfotos N\u00f6rdlingen, Babyfotograf Unterschneidheim, Babyfotos Ellwangen, Babyfotos Westhausen, Sevi Koch, Fotograf Donau-Ries \" \/><br \/>\n<img decoding=\"async\" title=\"Sevi Koch, Fotograf Unterschneidheim, Sevi Koch, Babybilder Donau-Ries \" src=\"https:\/\/sevikoch.de\/wp-content\/uploads\/2024\/05\/Babyfotos-No\u0308rdlingen-Babyfotos-Aalen-Babyfotograf-Zipplingen-Babyfotograf-Baldingen-Sevi-Koch-Fotograf-Donau-Ries_0796.jpg\" alt=\"Babyfotos N\u00f6rdlingen, Babyfotograf Unterschneidheim, Babyfotos Ellwangen, Babyfotos Westhausen, Sevi Koch, Fotograf Donau-Ries \" \/><br \/>\n<img decoding=\"async\" title=\"Sevi Koch, Fotograf Unterschneidheim, Sevi Koch, Babybilder Donau-Ries \" src=\"https:\/\/sevikoch.de\/wp-content\/uploads\/2024\/05\/Babyfotos-No\u0308rdlingen-Babyfotos-Aalen-Babyfotograf-Zipplingen-Babyfotograf-Baldingen-Sevi-Koch-Fotograf-Donau-Ries_0805.jpg\" alt=\"Babyfotos N\u00f6rdlingen, Babyfotograf Unterschneidheim, Babyfotos Ellwangen, Babyfotos Westhausen, Sevi Koch, Fotograf Donau-Ries \" \/><br \/>\n<img decoding=\"async\" title=\"Sevi Koch, Fotograf Unterschneidheim, Sevi Koch, Babybilder Donau-Ries \" src=\"https:\/\/sevikoch.de\/wp-content\/uploads\/2024\/05\/Babyfotos-No\u0308rdlingen-Babyfotos-Aalen-Babyfotograf-Zipplingen-Babyfotograf-Baldingen-Sevi-Koch-Fotograf-Donau-Ries_0811.jpg\" alt=\"Babyfotos N\u00f6rdlingen, Babyfotograf Unterschneidheim, Babyfotos Ellwangen, Babyfotos Westhausen, Sevi Koch, Fotograf Donau-Ries \" \/><br \/>\n<img decoding=\"async\" title=\"Sevi Koch, Fotograf Unterschneidheim, Sevi Koch, Babybilder Donau-Ries \" src=\"https:\/\/sevikoch.de\/wp-content\/uploads\/2024\/05\/Babyfotos-No\u0308rdlingen-Babyfotos-Aalen-Babyfotograf-Zipplingen-Babyfotograf-Baldingen-Sevi-Koch-Fotograf-Donau-Ries_0799.jpg\" alt=\"Babyfotos N\u00f6rdlingen, Babyfotograf Unterschneidheim, Babyfotos Ellwangen, Babyfotos Westhausen, Sevi Koch, Fotograf Donau-Ries \" \/><br \/>\n<img decoding=\"async\" title=\"Sevi Koch, Fotograf Unterschneidheim, Sevi Koch, Babybilder Donau-Ries \" src=\"https:\/\/sevikoch.de\/wp-content\/uploads\/2024\/05\/Babyfotos-No\u0308rdlingen-Babyfotos-Aalen-Babyfotograf-Zipplingen-Babyfotograf-Baldingen-Sevi-Koch-Fotograf-Donau-Ries_0809.jpg\" alt=\"Babyfotos N\u00f6rdlingen, Babyfotograf Unterschneidheim, Babyfotos Ellwangen, Babyfotos Westhausen, Sevi Koch, Fotograf Donau-Ries \" \/><br \/>\n<img decoding=\"async\" title=\"Sevi Koch, Fotograf Unterschneidheim, Sevi Koch, Babybilder Donau-Ries \" src=\"https:\/\/sevikoch.de\/wp-content\/uploads\/2024\/05\/Babyfotos-No\u0308rdlingen-Babyfotos-Aalen-Babyfotograf-Zipplingen-Babyfotograf-Baldingen-Sevi-Koch-Fotograf-Donau-Ries_0785.jpg\" alt=\"Babyfotos N\u00f6rdlingen, Babyfotograf Unterschneidheim, Babyfotos Ellwangen, Babyfotos Westhausen, Sevi Koch, Fotograf Donau-Ries \" \/><br \/>\n<img decoding=\"async\" title=\"Sevi Koch, Fotograf Unterschneidheim, Sevi Koch, Babybilder Donau-Ries \" src=\"https:\/\/sevikoch.de\/wp-content\/uploads\/2024\/05\/Babyfotos-No\u0308rdlingen-Babyfotos-Aalen-Babyfotograf-Zipplingen-Babyfotograf-Baldingen-Sevi-Koch-Fotograf-Donau-Ries_0791.jpg\" alt=\"Babyfotos N\u00f6rdlingen, Babyfotograf Unterschneidheim, Babyfotos Ellwangen, Babyfotos Westhausen, Sevi Koch, Fotograf Donau-Ries \" \/><br \/>\n<img decoding=\"async\" title=\"Sevi Koch, Fotograf Unterschneidheim, Sevi Koch, Babybilder Donau-Ries \" src=\"https:\/\/sevikoch.de\/wp-content\/uploads\/2024\/05\/Babyfotos-No\u0308rdlingen-Babyfotos-Aalen-Babyfotograf-Zipplingen-Babyfotograf-Baldingen-Sevi-Koch-Fotograf-Donau-Ries_0802.jpg\" alt=\"Babyfotos N\u00f6rdlingen, Babyfotograf Unterschneidheim, Babyfotos Ellwangen, Babyfotos Westhausen, Sevi Koch, Fotograf Donau-Ries \" \/><br \/>\n<img decoding=\"async\" title=\"Sevi Koch, Fotograf Unterschneidheim, Sevi Koch, Babybilder Donau-Ries \" src=\"https:\/\/sevikoch.de\/wp-content\/uploads\/2024\/05\/Babyfotos-No\u0308rdlingen-Babyfotos-Aalen-Babyfotograf-Zipplingen-Babyfotograf-Baldingen-Sevi-Koch-Fotograf-Donau-Ries_0818.jpg\" alt=\"Babyfotos N\u00f6rdlingen, Babyfotograf Unterschneidheim, Babyfotos Ellwangen, Babyfotos Westhausen, Sevi Koch, Fotograf Donau-Ries \" \/><br \/>\n<img decoding=\"async\" title=\"Sevi Koch, Fotograf Unterschneidheim, Sevi Koch, Babybilder Donau-Ries \" src=\"https:\/\/sevikoch.de\/wp-content\/uploads\/2024\/05\/Babyfotos-No\u0308rdlingen-Babyfotos-Aalen-Babyfotograf-Zipplingen-Babyfotograf-Baldingen-Sevi-Koch-Fotograf-Donau-Ries_0812.jpg\" alt=\"Babyfotos N\u00f6rdlingen, Babyfotograf Unterschneidheim, Babyfotos Ellwangen, Babyfotos Westhausen, Sevi Koch, Fotograf Donau-Ries \" \/><br \/>\n<img decoding=\"async\" title=\"Sevi Koch, Fotograf Unterschneidheim, Sevi Koch, Babybilder Donau-Ries \" src=\"https:\/\/sevikoch.de\/wp-content\/uploads\/2024\/05\/Babyfotos-No\u0308rdlingen-Babyfotos-Aalen-Babyfotograf-Zipplingen-Babyfotograf-Baldingen-Sevi-Koch-Fotograf-Donau-Ries_0793.jpg\" alt=\"Babyfotos N\u00f6rdlingen, Babyfotograf Unterschneidheim, Babyfotos Ellwangen, Babyfotos Westhausen, Sevi Koch, Fotograf Donau-Ries \" \/><br \/>\n<img decoding=\"async\" title=\"Sevi Koch, Fotograf Unterschneidheim, Sevi Koch, Babybilder Donau-Ries \" src=\"https:\/\/sevikoch.de\/wp-content\/uploads\/2024\/05\/Babyfotos-No\u0308rdlingen-Babyfotos-Aalen-Babyfotograf-Zipplingen-Babyfotograf-Baldingen-Sevi-Koch-Fotograf-Donau-Ries_0808.jpg\" alt=\"Babyfotos N\u00f6rdlingen, Babyfotograf Unterschneidheim, Babyfotos Ellwangen, Babyfotos Westhausen, Sevi Koch, Fotograf Donau-Ries \" \/><br \/>\n<img decoding=\"async\" title=\"Sevi Koch, Fotograf Unterschneidheim, Sevi Koch, Babybilder Donau-Ries \" src=\"https:\/\/sevikoch.de\/wp-content\/uploads\/2024\/05\/Babyfotos-No\u0308rdlingen-Babyfotos-Aalen-Babyfotograf-Zipplingen-Babyfotograf-Baldingen-Sevi-Koch-Fotograf-Donau-Ries_0803.jpg\" alt=\"Babyfotos N\u00f6rdlingen, Babyfotograf Unterschneidheim, Babyfotos Ellwangen, Babyfotos Westhausen, Sevi Koch, Fotograf Donau-Ries \" \/><br \/>\n<img decoding=\"async\" title=\"Sevi Koch, Fotograf Unterschneidheim, Sevi Koch, Babybilder Donau-Ries \" src=\"https:\/\/sevikoch.de\/wp-content\/uploads\/2024\/05\/Babyfotos-No\u0308rdlingen-Babyfotos-Aalen-Babyfotograf-Zipplingen-Babyfotograf-Baldingen-Sevi-Koch-Fotograf-Donau-Ries_0823.jpg\" alt=\"Babyfotos N\u00f6rdlingen, Babyfotograf Unterschneidheim, Babyfotos Ellwangen, Babyfotos Westhausen, Sevi Koch, Fotograf Donau-Ries \" \/><br \/>\n<img decoding=\"async\" title=\"Sevi Koch, Fotograf Unterschneidheim, Sevi Koch, Babybilder Donau-Ries \" src=\"https:\/\/sevikoch.de\/wp-content\/uploads\/2024\/05\/Babyfotos-No\u0308rdlingen-Babyfotos-Aalen-Babyfotograf-Zipplingen-Babyfotograf-Baldingen-Sevi-Koch-Fotograf-Donau-Ries_0817.jpg\" alt=\"Babyfotos N\u00f6rdlingen, Babyfotograf Unterschneidheim, Babyfotos Ellwangen, Babyfotos Westhausen, Sevi Koch, Fotograf Donau-Ries \" \/><br \/>\n<img decoding=\"async\" title=\"Sevi Koch, Fotograf Unterschneidheim, Sevi Koch, Babybilder Donau-Ries \" src=\"https:\/\/sevikoch.de\/wp-content\/uploads\/2024\/05\/Babyfotos-No\u0308rdlingen-Babyfotos-Aalen-Babyfotograf-Zipplingen-Babyfotograf-Baldingen-Sevi-Koch-Fotograf-Donau-Ries_0798.jpg\" alt=\"Babyfotos N\u00f6rdlingen, Babyfotograf Unterschneidheim, Babyfotos Ellwangen, Babyfotos Westhausen, Sevi Koch, Fotograf Donau-Ries \" \/><\/p>\n","protected":false},"excerpt":{"rendered":"<p>Hach was war der April f\u00fcr ein wundersch\u00f6ner Monat. Das Studio hat sich so schnell mit so wundervollen Momenten der unterschiedlichsten Art gef\u00fcllt. Nach meinem Umzug nach Unterschneidheim n\u00e4he N\u00f6rdlingen durfte ich schon viele neue Familien kennen lernen und jede Menge sch\u00f6ner Momente festhalten. Die Familie mit der kleinen Maus hier hat mich im neuen...<\/p>\n","protected":false},"author":1,"featured_media":20295,"comment_status":"open","ping_status":"open","sticky":false,"template":"","format":"standard","meta":{"_exactmetrics_skip_tracking":false,"_exactmetrics_sitenote_active":false,"_exactmetrics_sitenote_note":"","_exactmetrics_sitenote_category":0,"pp_embeds":"","footnotes":""},"categories":[397],"tags":[1150,1091,1112,1092,1152,1151,1153,1147,1154,1149,1101,1148,22],"class_list":["post-20260","post","type-post","status-publish","format-standard","has-post-thumbnail","hentry","category-baby","tag-babybilder-ellwangen","tag-babybilder-noerdlingen","tag-babyfotograf-moettingen","tag-babyfotograf-noerdlingen","tag-babyfotos-haarburg","tag-babyfotos-tannhausen","tag-babyfotos-wemding","tag-familienbilder-noerdlingen","tag-familienfotos-ellwangen","tag-hebamme-baldingen","tag-hebamme-noerdlingen","tag-hebamme-unterschneidheim","tag-sevi-koch"],"_links":{"self":[{"href":"https:\/\/sevikoch.de\/index.php\/wp-json\/wp\/v2\/posts\/20260","targetHints":{"allow":["GET"]}}],"collection":[{"href":"https:\/\/sevikoch.de\/index.php\/wp-json\/wp\/v2\/posts"}],"about":[{"href":"https:\/\/sevikoch.de\/index.php\/wp-json\/wp\/v2\/types\/post"}],"author":[{"embeddable":true,"href":"https:\/\/sevikoch.de\/index.php\/wp-json\/wp\/v2\/users\/1"}],"replies":[{"embeddable":true,"href":"https:\/\/sevikoch.de\/index.php\/wp-json\/wp\/v2\/comments?post=20260"}],"version-history":[{"count":3,"href":"https:\/\/sevikoch.de\/index.php\/wp-json\/wp\/v2\/posts\/20260\/revisions"}],"predecessor-version":[{"id":20309,"href":"https:\/\/sevikoch.de\/index.php\/wp-json\/wp\/v2\/posts\/20260\/revisions\/20309"}],"wp:featuredmedia":[{"embeddable":true,"href":"https:\/\/sevikoch.de\/index.php\/wp-json\/wp\/v2\/media\/20295"}],"wp:attachment":[{"href":"https:\/\/sevikoch.de\/index.php\/wp-json\/wp\/v2\/media?parent=20260"}],"wp:term":[{"taxonomy":"category","embeddable":true,"href":"https:\/\/sevikoch.de\/index.php\/wp-json\/wp\/v2\/categories?post=20260"},{"taxonomy":"post_tag","embeddable":true,"href":"https:\/\/sevikoch.de\/index.php\/wp-json\/wp\/v2\/tags?post=20260"}],"curies":[{"name":"wp","href":"https:\/\/api.w.org\/{rel}","templated":true}]}}