{"id":19973,"date":"2024-01-11T09:56:23","date_gmt":"2024-01-11T08:56:23","guid":{"rendered":"https:\/\/sevikoch.de\/?p=19973"},"modified":"2024-01-11T09:56:23","modified_gmt":"2024-01-11T08:56:23","slug":"neugeborenenfotos-mit-geschwisterkind-newbornbilder-noerdlingen-newbornshooting-noerdlingen-familienfotografie-im-raum-donau-ries-noerldingen-baldingen-wallerstein-bopfingen","status":"publish","type":"post","link":"https:\/\/sevikoch.de\/index.php\/neugeborenenfotos-mit-geschwisterkind-newbornbilder-noerdlingen-newbornshooting-noerdlingen-familienfotografie-im-raum-donau-ries-noerldingen-baldingen-wallerstein-bopfingen\/","title":{"rendered":"Neugeborenenfotos mit Geschwisterkind &#8211; Newbornbilder N\u00f6rdlingen &#8211; Newbornshooting N\u00f6rdlingen &#8211; Familienfotografie im Raum Donau &#8211; Ries &#8211; N\u00f6rldingen &#8211; Baldingen &#8211; Wallerstein &#8211; Bopfingen"},"content":{"rendered":"<p>Neugeborenenshootings mit Geschwisterkind sind immer ganz besonders. Zu beobachten, wie das Geschwisterkind seine Rolle als grosse Schwester einnimmt ist immer spannend und es entstehen zeitgleich wundersch\u00f6ne Momente:<br \/>\n<img decoding=\"async\" title=\"Familienbilder Oettingen, Familienfotograf Ellwangen\" src=\"https:\/\/sevikoch.de\/wp-content\/uploads\/2024\/01\/Babyfotograf-No\u0308rdlingen-Babyfotograf-Donauwo\u0308rth_0808.jpg\" alt=\"Familienfotograf Donau - Ries \" \/><br \/>\n<img decoding=\"async\" title=\"Familienbilder Oettingen, Familienfotograf Ellwangen\" src=\"https:\/\/sevikoch.de\/wp-content\/uploads\/2024\/01\/Babyfotograf-No\u0308rdlingen-Babyfotograf-Donauwo\u0308rth_0796.jpg\" alt=\"Familienfotograf Donau - Ries \" \/><br \/>\n<img decoding=\"async\" title=\"Familienbilder Oettingen, Familienfotograf Ellwangen\" src=\"https:\/\/sevikoch.de\/wp-content\/uploads\/2024\/01\/Babyfotograf-No\u0308rdlingen-Babyfotograf-Donauwo\u0308rth_0801.jpg\" alt=\"Familienfotograf Donau - Ries \" \/><br \/>\n<img decoding=\"async\" title=\"Familienbilder Oettingen, Familienfotograf Ellwangen\" src=\"https:\/\/sevikoch.de\/wp-content\/uploads\/2024\/01\/Babyfotograf-No\u0308rdlingen-Babyfotograf-Donauwo\u0308rth_0807.jpg\" alt=\"Familienfotograf Donau - Ries \" \/><br \/>\n<img decoding=\"async\" title=\"Familienbilder Oettingen, Familienfotograf Ellwangen\" src=\"https:\/\/sevikoch.de\/wp-content\/uploads\/2024\/01\/Babyfotograf-No\u0308rdlingen-Babyfotograf-Donauwo\u0308rth_0812.jpg\" alt=\"Familienfotograf Donau - Ries \" \/><br \/>\n<img decoding=\"async\" title=\"Familienbilder Oettingen, Familienfotograf Ellwangen\" src=\"https:\/\/sevikoch.de\/wp-content\/uploads\/2024\/01\/Babyfotograf-No\u0308rdlingen-Babyfotograf-Donauwo\u0308rth_0794.jpg\" alt=\"Familienfotograf Donau - Ries \" \/><br \/>\n<img decoding=\"async\" title=\"Familienbilder Oettingen, Familienfotograf Ellwangen\" src=\"https:\/\/sevikoch.de\/wp-content\/uploads\/2024\/01\/Babyfotograf-No\u0308rdlingen-Babyfotograf-Donauwo\u0308rth_0792.jpg\" alt=\"Familienfotograf Donau - Ries \" \/><br \/>\n<img decoding=\"async\" title=\"Familienbilder Oettingen, Familienfotograf Ellwangen\" src=\"https:\/\/sevikoch.de\/wp-content\/uploads\/2024\/01\/Babyfotograf-No\u0308rdlingen-Babyfotograf-Donauwo\u0308rth_0800.jpg\" alt=\"Familienfotograf Donau - Ries \" \/><br \/>\n<img decoding=\"async\" title=\"Familienbilder Oettingen, Familienfotograf Ellwangen\" src=\"https:\/\/sevikoch.de\/wp-content\/uploads\/2024\/01\/Babyfotograf-No\u0308rdlingen-Babyfotograf-Donauwo\u0308rth_0793.jpg\" alt=\"Familienfotograf Donau - Ries \" \/><br \/>\n<img decoding=\"async\" title=\"Familienbilder Oettingen, Familienfotograf Ellwangen\" src=\"https:\/\/sevikoch.de\/wp-content\/uploads\/2024\/01\/Babyfotograf-No\u0308rdlingen-Babyfotograf-Donauwo\u0308rth_0809.jpg\" alt=\"Familienfotograf Donau - Ries \" \/><br \/>\n<img decoding=\"async\" title=\"Familienbilder Oettingen, Familienfotograf Ellwangen\" src=\"https:\/\/sevikoch.de\/wp-content\/uploads\/2024\/01\/Babyfotograf-No\u0308rdlingen-Babyfotograf-Donauwo\u0308rth_0802.jpg\" alt=\"Familienfotograf Donau - Ries \" \/><br \/>\n<img decoding=\"async\" title=\"Familienbilder Oettingen, Familienfotograf Ellwangen\" src=\"https:\/\/sevikoch.de\/wp-content\/uploads\/2024\/01\/Babyfotograf-No\u0308rdlingen-Babyfotograf-Donauwo\u0308rth_0810.jpg\" alt=\"Familienfotograf Donau - Ries \" \/><br \/>\n<img decoding=\"async\" title=\"Familienbilder Oettingen, Familienfotograf Ellwangen\" src=\"https:\/\/sevikoch.de\/wp-content\/uploads\/2024\/01\/Babyfotograf-No\u0308rdlingen-Babyfotograf-Donauwo\u0308rth_0813.jpg\" alt=\"Familienfotograf Donau - Ries \" \/><br \/>\n<img decoding=\"async\" title=\"Familienbilder Oettingen, Familienfotograf Ellwangen\" src=\"https:\/\/sevikoch.de\/wp-content\/uploads\/2024\/01\/Babyfotograf-No\u0308rdlingen-Babyfotograf-Donauwo\u0308rth_0797.jpg\" alt=\"Familienfotograf Donau - Ries \" \/><br \/>\n<img decoding=\"async\" title=\"Familienbilder Oettingen, Familienfotograf Ellwangen\" src=\"https:\/\/sevikoch.de\/wp-content\/uploads\/2024\/01\/Babyfotograf-No\u0308rdlingen-Babyfotograf-Donauwo\u0308rth_0799.jpg\" alt=\"Familienfotograf Donau - Ries \" \/><br \/>\n<img decoding=\"async\" title=\"Familienbilder Oettingen, Familienfotograf Ellwangen\" src=\"https:\/\/sevikoch.de\/wp-content\/uploads\/2024\/01\/Babyfotograf-No\u0308rdlingen-Babyfotograf-Donauwo\u0308rth_0811.jpg\" alt=\"Familienfotograf Donau - Ries \" \/><br \/>\n<img decoding=\"async\" title=\"Familienbilder Oettingen, Familienfotograf Ellwangen\" src=\"https:\/\/sevikoch.de\/wp-content\/uploads\/2024\/01\/Babyfotograf-No\u0308rdlingen-Babyfotograf-Donauwo\u0308rth_0804.jpg\" alt=\"Familienfotograf Donau - Ries \" \/><br \/>\n<img decoding=\"async\" title=\"Familienbilder Oettingen, Familienfotograf Ellwangen\" src=\"https:\/\/sevikoch.de\/wp-content\/uploads\/2024\/01\/Babyfotograf-No\u0308rdlingen-Babyfotograf-Donauwo\u0308rth_0806.jpg\" alt=\"Familienfotograf Donau - Ries \" \/><br \/>\n<img decoding=\"async\" title=\"Familienbilder Oettingen, Familienfotograf Ellwangen\" src=\"https:\/\/sevikoch.de\/wp-content\/uploads\/2024\/01\/Babyfotograf-No\u0308rdlingen-Babyfotograf-Donauwo\u0308rth_0803.jpg\" alt=\"Familienfotograf Donau - Ries \" \/><br \/>\n<img decoding=\"async\" title=\"Familienbilder Oettingen, Familienfotograf Ellwangen\" src=\"https:\/\/sevikoch.de\/wp-content\/uploads\/2024\/01\/Babyfotograf-No\u0308rdlingen-Babyfotograf-Donauwo\u0308rth_0814.jpg\" alt=\"Familienfotograf Donau - Ries \" \/><br \/>\n<img decoding=\"async\" title=\"Familienbilder Oettingen, Familienfotograf Ellwangen\" src=\"https:\/\/sevikoch.de\/wp-content\/uploads\/2024\/01\/Babyfotograf-No\u0308rdlingen-Babyfotograf-Donauwo\u0308rth_0805.jpg\" alt=\"Familienfotograf Donau - Ries \" \/><br \/>\n<img decoding=\"async\" title=\"Familienbilder Oettingen, Familienfotograf Ellwangen\" src=\"https:\/\/sevikoch.de\/wp-content\/uploads\/2024\/01\/Babyfotograf-No\u0308rdlingen-Babyfotograf-Donauwo\u0308rth_0795.jpg\" alt=\"Familienfotograf Donau - Ries \" \/><br \/>\n<img decoding=\"async\" title=\"Familienbilder Oettingen, Familienfotograf Ellwangen\" src=\"https:\/\/sevikoch.de\/wp-content\/uploads\/2024\/01\/Babyfotograf-No\u0308rdlingen-Babyfotograf-Donauwo\u0308rth_0798.jpg\" alt=\"Familienfotograf Donau - Ries \" \/><\/p>\n","protected":false},"excerpt":{"rendered":"<p>Neugeborenenshootings mit Geschwisterkind sind immer ganz besonders. Zu beobachten, wie das Geschwisterkind seine Rolle als grosse Schwester einnimmt ist immer spannend und es entstehen zeitgleich wundersch\u00f6ne Momente:<\/p>\n","protected":false},"author":1,"featured_media":19982,"comment_status":"open","ping_status":"open","sticky":false,"template":"","format":"standard","meta":{"_exactmetrics_skip_tracking":false,"_exactmetrics_sitenote_active":false,"_exactmetrics_sitenote_note":"","_exactmetrics_sitenote_category":0,"pp_embeds":"","footnotes":""},"categories":[401],"tags":[1111,1091,1110,1106,1112,1095,1108,1107,1109,1105,22],"class_list":["post-19973","post","type-post","status-publish","format-standard","has-post-thumbnail","hentry","category-newborn","tag-babybilder-harburg","tag-babybilder-noerdlingen","tag-babyfotograf-ellwangen","tag-babyfotograf-kirchheim-am-ries","tag-babyfotograf-moettingen","tag-babyfotograf-wallerstein","tag-familienbilder-neresheim","tag-familienfotograf-aalen","tag-fotograf-neresheim","tag-newbornfotos-noerdlingen","tag-sevi-koch"],"_links":{"self":[{"href":"https:\/\/sevikoch.de\/index.php\/wp-json\/wp\/v2\/posts\/19973","targetHints":{"allow":["GET"]}}],"collection":[{"href":"https:\/\/sevikoch.de\/index.php\/wp-json\/wp\/v2\/posts"}],"about":[{"href":"https:\/\/sevikoch.de\/index.php\/wp-json\/wp\/v2\/types\/post"}],"author":[{"embeddable":true,"href":"https:\/\/sevikoch.de\/index.php\/wp-json\/wp\/v2\/users\/1"}],"replies":[{"embeddable":true,"href":"https:\/\/sevikoch.de\/index.php\/wp-json\/wp\/v2\/comments?post=19973"}],"version-history":[{"count":3,"href":"https:\/\/sevikoch.de\/index.php\/wp-json\/wp\/v2\/posts\/19973\/revisions"}],"predecessor-version":[{"id":19999,"href":"https:\/\/sevikoch.de\/index.php\/wp-json\/wp\/v2\/posts\/19973\/revisions\/19999"}],"wp:featuredmedia":[{"embeddable":true,"href":"https:\/\/sevikoch.de\/index.php\/wp-json\/wp\/v2\/media\/19982"}],"wp:attachment":[{"href":"https:\/\/sevikoch.de\/index.php\/wp-json\/wp\/v2\/media?parent=19973"}],"wp:term":[{"taxonomy":"category","embeddable":true,"href":"https:\/\/sevikoch.de\/index.php\/wp-json\/wp\/v2\/categories?post=19973"},{"taxonomy":"post_tag","embeddable":true,"href":"https:\/\/sevikoch.de\/index.php\/wp-json\/wp\/v2\/tags?post=19973"}],"curies":[{"name":"wp","href":"https:\/\/api.w.org\/{rel}","templated":true}]}}