{"id":18952,"date":"2021-11-07T21:44:28","date_gmt":"2021-11-07T20:44:28","guid":{"rendered":"https:\/\/sevikoch.de\/?p=18952"},"modified":"2021-11-04T21:46:27","modified_gmt":"2021-11-04T20:46:27","slug":"neugeborene-zwillinge-im-fotostuio-landshut-sevi-koch-emotinale-und-echte-bilder-im-raum-landshut-muenchen","status":"publish","type":"post","link":"https:\/\/sevikoch.de\/index.php\/neugeborene-zwillinge-im-fotostuio-landshut-sevi-koch-emotinale-und-echte-bilder-im-raum-landshut-muenchen\/","title":{"rendered":"Neugeborene Zwillinge im Fotostuio Landshut &#8211; Sevi Koch &#8211; emotinale und echte Bilder im Raum Landshut M\u00fcnchen"},"content":{"rendered":"<p>Wieder einmal hatte ich die Ehre doppeltes Gl\u00fcck f\u00fcr eine Familie f\u00fcr immer mit meinen Bildern festzuhalten. Ich denke es braucht zu den Bildern keine Worte:<\/p>\n<p><img decoding=\"async\" title=\"Kinderfotograf Freising Sevi Koch \" src=\"https:\/\/sevikoch.de\/wp-content\/uploads\/2021\/11\/Neugeborenenbilder-mit-Zwillingen_SeviKoch_0059.jpg\" alt=\"Babybilder Erding \" \/><br \/>\n<img decoding=\"async\" title=\"Kinderfotograf Freising Sevi Koch \" src=\"https:\/\/sevikoch.de\/wp-content\/uploads\/2021\/11\/Neugeborenenbilder-mit-Zwillingen_SeviKoch_0006.jpg\" alt=\"Babybilder Erding \" \/><br \/>\n<img decoding=\"async\" title=\"Kinderfotograf Freising Sevi Koch \" src=\"https:\/\/sevikoch.de\/wp-content\/uploads\/2021\/11\/Neugeborenenbilder-mit-Zwillingen_SeviKoch_0024.jpg\" alt=\"Babybilder Erding \" \/><br \/>\n<img decoding=\"async\" title=\"Kinderfotograf Freising Sevi Koch \" src=\"https:\/\/sevikoch.de\/wp-content\/uploads\/2021\/11\/Neugeborenenbilder-mit-Zwillingen_SeviKoch_0023.jpg\" alt=\"Babybilder Erding \" \/><br \/>\n<img decoding=\"async\" title=\"Kinderfotograf Freising Sevi Koch \" src=\"https:\/\/sevikoch.de\/wp-content\/uploads\/2021\/11\/Neugeborenenbilder-mit-Zwillingen_SeviKoch_0111.jpg\" alt=\"Babybilder Erding \" \/><br \/>\n<img decoding=\"async\" title=\"Kinderfotograf Freising Sevi Koch \" src=\"https:\/\/sevikoch.de\/wp-content\/uploads\/2021\/11\/Neugeborenenbilder-mit-Zwillingen_SeviKoch_0117.jpg\" alt=\"Babybilder Erding \" \/><br \/>\n<img decoding=\"async\" title=\"Kinderfotograf Freising Sevi Koch \" src=\"https:\/\/sevikoch.de\/wp-content\/uploads\/2021\/11\/Neugeborenenbilder-mit-Zwillingen_SeviKoch_0177.jpg\" alt=\"Babybilder Erding \" \/><br \/>\n<img decoding=\"async\" title=\"Kinderfotograf Freising Sevi Koch \" src=\"https:\/\/sevikoch.de\/wp-content\/uploads\/2021\/11\/Neugeborenenbilder-mit-Zwillingen_SeviKoch_0002.jpg\" alt=\"Babybilder Erding \" \/><br \/>\n<img decoding=\"async\" title=\"Kinderfotograf Freising Sevi Koch \" src=\"https:\/\/sevikoch.de\/wp-content\/uploads\/2021\/11\/Neugeborenenbilder-mit-Zwillingen_SeviKoch_0189.jpg\" alt=\"Babybilder Erding \" \/><br \/>\n<img decoding=\"async\" title=\"Kinderfotograf Freising Sevi Koch \" src=\"https:\/\/sevikoch.de\/wp-content\/uploads\/2021\/11\/Neugeborenenbilder-mit-Zwillingen_SeviKoch_0001.jpg\" alt=\"Babybilder Erding \" \/><br \/>\n<img decoding=\"async\" title=\"Kinderfotograf Freising Sevi Koch \" src=\"https:\/\/sevikoch.de\/wp-content\/uploads\/2021\/11\/Neugeborenenbilder-mit-Zwillingen_SeviKoch_0033.jpg\" alt=\"Babybilder Erding \" \/><br \/>\n<img decoding=\"async\" title=\"Kinderfotograf Freising Sevi Koch \" src=\"https:\/\/sevikoch.de\/wp-content\/uploads\/2021\/11\/Neugeborenenbilder-mit-Zwillingen_SeviKoch_0171.jpg\" alt=\"Babybilder Erding \" \/><br \/>\n<img decoding=\"async\" title=\"Kinderfotograf Freising Sevi Koch \" src=\"https:\/\/sevikoch.de\/wp-content\/uploads\/2021\/11\/Neugeborenenbilder-mit-Zwillingen_SeviKoch_0164.jpg\" alt=\"Babybilder Erding \" \/><br \/>\n<img decoding=\"async\" title=\"Kinderfotograf Freising Sevi Koch \" src=\"https:\/\/sevikoch.de\/wp-content\/uploads\/2021\/11\/Neugeborenenbilder-mit-Zwillingen_SeviKoch_0045.jpg\" alt=\"Babybilder Erding \" \/><br \/>\n<img decoding=\"async\" title=\"Kinderfotograf Freising Sevi Koch \" src=\"https:\/\/sevikoch.de\/wp-content\/uploads\/2021\/11\/Neugeborenenbilder-mit-Zwillingen_SeviKoch_0036.jpg\" alt=\"Babybilder Erding \" \/><br \/>\n<img decoding=\"async\" title=\"Kinderfotograf Freising Sevi Koch \" src=\"https:\/\/sevikoch.de\/wp-content\/uploads\/2021\/11\/Neugeborenenbilder-mit-Zwillingen_SeviKoch_0051.jpg\" alt=\"Babybilder Erding \" \/><br \/>\n<img decoding=\"async\" title=\"Kinderfotograf Freising Sevi Koch \" src=\"https:\/\/sevikoch.de\/wp-content\/uploads\/2021\/11\/Neugeborenenbilder-mit-Zwillingen_SeviKoch_0090.jpg\" alt=\"Babybilder Erding \" \/><br \/>\n<img decoding=\"async\" title=\"Kinderfotograf Freising Sevi Koch \" src=\"https:\/\/sevikoch.de\/wp-content\/uploads\/2021\/11\/Neugeborenenbilder-mit-Zwillingen_SeviKoch_0193.jpg\" alt=\"Babybilder Erding \" \/><br \/>\n<img decoding=\"async\" title=\"Kinderfotograf Freising Sevi Koch \" src=\"https:\/\/sevikoch.de\/wp-content\/uploads\/2021\/11\/Neugeborenenbilder-mit-Zwillingen_SeviKoch_0131.jpg\" alt=\"Babybilder Erding \" \/><br \/>\n<img decoding=\"async\" title=\"Kinderfotograf Freising Sevi Koch \" src=\"https:\/\/sevikoch.de\/wp-content\/uploads\/2021\/11\/Neugeborenenbilder-mit-Zwillingen_SeviKoch_0026.jpg\" alt=\"Babybilder Erding \" \/><br \/>\n<img decoding=\"async\" title=\"Kinderfotograf Freising Sevi Koch \" src=\"https:\/\/sevikoch.de\/wp-content\/uploads\/2021\/11\/Neugeborenenbilder-mit-Zwillingen_SeviKoch_0146.jpg\" alt=\"Babybilder Erding \" \/><br \/>\n<img decoding=\"async\" title=\"Kinderfotograf Freising Sevi Koch \" src=\"https:\/\/sevikoch.de\/wp-content\/uploads\/2021\/11\/Neugeborenenbilder-mit-Zwillingen_SeviKoch_0098.jpg\" alt=\"Babybilder Erding \" \/><br \/>\n<img decoding=\"async\" title=\"Kinderfotograf Freising Sevi Koch \" src=\"https:\/\/sevikoch.de\/wp-content\/uploads\/2021\/11\/Neugeborenenbilder-mit-Zwillingen_SeviKoch_0187.jpg\" alt=\"Babybilder Erding \" \/><br \/>\n<img decoding=\"async\" title=\"Kinderfotograf Freising Sevi Koch \" src=\"https:\/\/sevikoch.de\/wp-content\/uploads\/2021\/11\/Neugeborenenbilder-mit-Zwillingen_SeviKoch_0107.jpg\" alt=\"Babybilder Erding \" \/><br \/>\n<img decoding=\"async\" title=\"Kinderfotograf Freising Sevi Koch \" src=\"https:\/\/sevikoch.de\/wp-content\/uploads\/2021\/11\/Neugeborenenbilder-mit-Zwillingen_SeviKoch_0055.jpg\" alt=\"Babybilder Erding \" \/><br \/>\n<img decoding=\"async\" title=\"Kinderfotograf Freising Sevi Koch \" src=\"https:\/\/sevikoch.de\/wp-content\/uploads\/2021\/11\/Neugeborenenbilder-mit-Zwillingen_SeviKoch_0054.jpg\" alt=\"Babybilder Erding \" \/><br \/>\n<img decoding=\"async\" title=\"Kinderfotograf Freising Sevi Koch \" src=\"https:\/\/sevikoch.de\/wp-content\/uploads\/2021\/11\/Neugeborenenbilder-mit-Zwillingen_SeviKoch_0095.jpg\" alt=\"Babybilder Erding \" \/><br \/>\n<img decoding=\"async\" title=\"Kinderfotograf Freising Sevi Koch \" src=\"https:\/\/sevikoch.de\/wp-content\/uploads\/2021\/11\/Neugeborenenbilder-mit-Zwillingen_SeviKoch_0151.jpg\" alt=\"Babybilder Erding \" \/><br \/>\n<img decoding=\"async\" title=\"Kinderfotograf Freising Sevi Koch \" src=\"https:\/\/sevikoch.de\/wp-content\/uploads\/2021\/11\/Neugeborenenbilder-mit-Zwillingen_SeviKoch_0136.jpg\" alt=\"Babybilder Erding \" \/><br \/>\n<img decoding=\"async\" title=\"Kinderfotograf Freising Sevi Koch \" src=\"https:\/\/sevikoch.de\/wp-content\/uploads\/2021\/11\/Neugeborenenbilder-mit-Zwillingen_SeviKoch_0123.jpg\" alt=\"Babybilder Erding \" \/><br \/>\n<img decoding=\"async\" title=\"Kinderfotograf Freising Sevi Koch \" src=\"https:\/\/sevikoch.de\/wp-content\/uploads\/2021\/11\/Neugeborenenbilder-mit-Zwillingen_SeviKoch_0176.jpg\" alt=\"Babybilder Erding \" \/><br \/>\n<img decoding=\"async\" title=\"Kinderfotograf Freising Sevi Koch \" src=\"https:\/\/sevikoch.de\/wp-content\/uploads\/2021\/11\/Neugeborenenbilder-mit-Zwillingen_SeviKoch_0184.jpg\" alt=\"Babybilder Erding \" \/><br \/>\n<img decoding=\"async\" title=\"Kinderfotograf Freising Sevi Koch \" src=\"https:\/\/sevikoch.de\/wp-content\/uploads\/2021\/11\/Neugeborenenbilder-mit-Zwillingen_SeviKoch_0186.jpg\" alt=\"Babybilder Erding \" \/><\/p>\n","protected":false},"excerpt":{"rendered":"<p>Wieder einmal hatte ich die Ehre doppeltes Gl\u00fcck f\u00fcr eine Familie f\u00fcr immer mit meinen Bildern festzuhalten. Ich denke es braucht zu den Bildern keine Worte:<\/p>\n","protected":false},"author":1,"featured_media":18967,"comment_status":"open","ping_status":"open","sticky":false,"template":"","format":"standard","meta":{"_exactmetrics_skip_tracking":false,"_exactmetrics_sitenote_active":false,"_exactmetrics_sitenote_note":"","_exactmetrics_sitenote_category":0,"pp_embeds":"","footnotes":""},"categories":[401],"tags":[1034,80,1037,1035,1038,22,1036,1033],"class_list":["post-18952","post","type-post","status-publish","format-standard","has-post-thumbnail","hentry","category-newborn","tag-babybilder-mit-zwillingen","tag-fotograf-erding","tag-natuerliche-babyfotos-niederbayern","tag-neugeborene-zwillinge","tag-professionelle-bilder-landshut","tag-sevi-koch","tag-twinmom","tag-zwillingsshooting-landshut"],"_links":{"self":[{"href":"https:\/\/sevikoch.de\/index.php\/wp-json\/wp\/v2\/posts\/18952","targetHints":{"allow":["GET"]}}],"collection":[{"href":"https:\/\/sevikoch.de\/index.php\/wp-json\/wp\/v2\/posts"}],"about":[{"href":"https:\/\/sevikoch.de\/index.php\/wp-json\/wp\/v2\/types\/post"}],"author":[{"embeddable":true,"href":"https:\/\/sevikoch.de\/index.php\/wp-json\/wp\/v2\/users\/1"}],"replies":[{"embeddable":true,"href":"https:\/\/sevikoch.de\/index.php\/wp-json\/wp\/v2\/comments?post=18952"}],"version-history":[{"count":3,"href":"https:\/\/sevikoch.de\/index.php\/wp-json\/wp\/v2\/posts\/18952\/revisions"}],"predecessor-version":[{"id":18988,"href":"https:\/\/sevikoch.de\/index.php\/wp-json\/wp\/v2\/posts\/18952\/revisions\/18988"}],"wp:featuredmedia":[{"embeddable":true,"href":"https:\/\/sevikoch.de\/index.php\/wp-json\/wp\/v2\/media\/18967"}],"wp:attachment":[{"href":"https:\/\/sevikoch.de\/index.php\/wp-json\/wp\/v2\/media?parent=18952"}],"wp:term":[{"taxonomy":"category","embeddable":true,"href":"https:\/\/sevikoch.de\/index.php\/wp-json\/wp\/v2\/categories?post=18952"},{"taxonomy":"post_tag","embeddable":true,"href":"https:\/\/sevikoch.de\/index.php\/wp-json\/wp\/v2\/tags?post=18952"}],"curies":[{"name":"wp","href":"https:\/\/api.w.org\/{rel}","templated":true}]}}