{"id":17856,"date":"2021-04-23T10:44:23","date_gmt":"2021-04-23T09:44:23","guid":{"rendered":"https:\/\/sevikoch.de\/?p=17856"},"modified":"2021-04-22T10:53:21","modified_gmt":"2021-04-22T09:53:21","slug":"neugeborenenfotografie-landshut-warum-ich-das-vertrauen-jeder-einzelner-familie-zu-schaetzen-weiss-sevi-koch-spezialisierte-baby-und-kinderfotografin-niederbayern","status":"publish","type":"post","link":"https:\/\/sevikoch.de\/index.php\/neugeborenenfotografie-landshut-warum-ich-das-vertrauen-jeder-einzelner-familie-zu-schaetzen-weiss-sevi-koch-spezialisierte-baby-und-kinderfotografin-niederbayern\/","title":{"rendered":"Neugeborenenfotografie Landshut &#8211; Warum ich das Vertrauen jeder einzelner Familie zu sch\u00e4tzen weiss &#8211; Sevi Koch &#8211; Spezialisierte Baby- und Kinderfotografin Niederbayern"},"content":{"rendered":"<p>Es ist keine Floskel, wenn ich mich bei meinen Familien f\u00fcr das mir entgegen gebrachte Vertrauen bedanke. Ganz im Gegenteil. Ich meine es zu 100%, wie ich es sage. F\u00fcr mich pers\u00f6nlich ist es ein Vertrauensbeweis, den mir jede einzelne Familie, welche zu mir kommt entgegen bringt. Ich darf als Fotografin nicht nur knipsen, wenn ich denke, es ist der richtige Zeitpunkt. Ich darf bei dem wohl pers\u00f6nlichsten Momenten, die es in einer Familie gibt dabei sein. Ich darf, es miterleben, wenn der Mama eine Tr\u00e4ne l\u00e4uft, vor Gl\u00fcck. Ich darf ganz nah dabei sein, wenn ich das Neugeborene in die Arme der Mutter lege und in dem Moment so nah wie sonst wohl kaum einer dabei sein darf, wenn die Mama sich \u00f6ffnet und ihren Gef\u00fchlen freien Lauf l\u00e4sst. Ich darf mich w\u00e4hrend des Shootings um ihr Neugeborenes k\u00fcmmern. Ich darf erleben, wie innig es ist, wenn die Mama ihr kleines stillt oder der Papa, die Windeln wechselt. \u00a0Ja, es gibt so viele unendlich viele Punkte, die ich euch aufz\u00e4hlen k\u00f6nnte, die daf\u00fcr sprechen, dass ich mich immer wieder aufs Neue bei meinen Familien f\u00fcr ihr Vertrauen bedanken kann.<\/p>\n<p><img decoding=\"async\" title=\"Kinderfotograf Moosburg \" src=\"https:\/\/sevikoch.de\/wp-content\/uploads\/2021\/04\/Neugeborenenfotos-Dingolfing_0047.jpg\" alt=\"Babyfotograf Essebach\" \/><br \/>\n<img decoding=\"async\" title=\"Kinderfotograf Moosburg \" src=\"https:\/\/sevikoch.de\/wp-content\/uploads\/2021\/04\/Neugeborenenfotos-Dingolfing_0057.jpg\" alt=\"Babyfotograf Essebach\" \/><br \/>\n<img decoding=\"async\" title=\"Kinderfotograf Moosburg \" src=\"https:\/\/sevikoch.de\/wp-content\/uploads\/2021\/04\/Neugeborenenfotos-Dingolfing_0063.jpg\" alt=\"Babyfotograf Essebach\" \/><br \/>\n<img decoding=\"async\" title=\"Kinderfotograf Moosburg \" src=\"https:\/\/sevikoch.de\/wp-content\/uploads\/2021\/04\/Neugeborenenfotos-Dingolfing_0049.jpg\" alt=\"Babyfotograf Essebach\" \/><br \/>\n<img decoding=\"async\" title=\"Kinderfotograf Moosburg \" src=\"https:\/\/sevikoch.de\/wp-content\/uploads\/2021\/04\/Neugeborenenfotos-Dingolfing_0039.jpg\" alt=\"Babyfotograf Essebach\" \/><br \/>\n<img decoding=\"async\" title=\"Kinderfotograf Moosburg \" src=\"https:\/\/sevikoch.de\/wp-content\/uploads\/2021\/04\/Neugeborenenfotos-Dingolfing_0067.jpg\" alt=\"Babyfotograf Essebach\" \/><br \/>\n<img decoding=\"async\" title=\"Kinderfotograf Moosburg \" src=\"https:\/\/sevikoch.de\/wp-content\/uploads\/2021\/04\/Neugeborenenfotos-Dingolfing_0065.jpg\" alt=\"Babyfotograf Essebach\" \/><br \/>\n<img decoding=\"async\" title=\"Kinderfotograf Moosburg \" src=\"https:\/\/sevikoch.de\/wp-content\/uploads\/2021\/04\/Neugeborenenfotos-Dingolfing_0043.jpg\" alt=\"Babyfotograf Essebach\" \/><br \/>\n<img decoding=\"async\" title=\"Kinderfotograf Moosburg \" src=\"https:\/\/sevikoch.de\/wp-content\/uploads\/2021\/04\/db-3.jpg\" alt=\"Babyfotograf Essebach\" \/><br \/>\n<img decoding=\"async\" title=\"Kinderfotograf Moosburg \" src=\"https:\/\/sevikoch.de\/wp-content\/uploads\/2021\/04\/Neugeborenenfotos-Dingolfing_0050.jpg\" alt=\"Babyfotograf Essebach\" \/><br \/>\n<img decoding=\"async\" title=\"Kinderfotograf Moosburg \" src=\"https:\/\/sevikoch.de\/wp-content\/uploads\/2021\/04\/Neugeborenenfotos-Dingolfing_0045.jpg\" alt=\"Babyfotograf Essebach\" \/><br \/>\n<img decoding=\"async\" title=\"Kinderfotograf Moosburg \" src=\"https:\/\/sevikoch.de\/wp-content\/uploads\/2021\/04\/Neugeborenenfotos-Dingolfing_0044.jpg\" alt=\"Babyfotograf Essebach\" \/><br \/>\n<img decoding=\"async\" title=\"Kinderfotograf Moosburg \" src=\"https:\/\/sevikoch.de\/wp-content\/uploads\/2021\/04\/Neugeborenenfotos-Dingolfing_0051.jpg\" alt=\"Babyfotograf Essebach\" \/><br \/>\n<img decoding=\"async\" title=\"Kinderfotograf Moosburg \" src=\"https:\/\/sevikoch.de\/wp-content\/uploads\/2021\/04\/Neugeborenenfotos-Dingolfing_0046.jpg\" alt=\"Babyfotograf Essebach\" \/><br \/>\n<img decoding=\"async\" title=\"Kinderfotograf Moosburg \" src=\"https:\/\/sevikoch.de\/wp-content\/uploads\/2021\/04\/Neugeborenenfotos-Dingolfing_0042.jpg\" alt=\"Babyfotograf Essebach\" \/><br \/>\n<img decoding=\"async\" title=\"Kinderfotograf Moosburg \" src=\"https:\/\/sevikoch.de\/wp-content\/uploads\/2021\/04\/Neugeborenenfotos-Dingolfing_0041.jpg\" alt=\"Babyfotograf Essebach\" \/><br \/>\n<img decoding=\"async\" title=\"Kinderfotograf Moosburg \" src=\"https:\/\/sevikoch.de\/wp-content\/uploads\/2021\/04\/Neugeborenenfotos-Dingolfing_0053.jpg\" alt=\"Babyfotograf Essebach\" \/><br \/>\n<img decoding=\"async\" title=\"Kinderfotograf Moosburg \" src=\"https:\/\/sevikoch.de\/wp-content\/uploads\/2021\/04\/Neugeborenenfotos-Dingolfing_0040.jpg\" alt=\"Babyfotograf Essebach\" \/><br \/>\n<img decoding=\"async\" title=\"Kinderfotograf Moosburg \" src=\"https:\/\/sevikoch.de\/wp-content\/uploads\/2021\/04\/Neugeborenenfotos-Dingolfing_0048.jpg\" alt=\"Babyfotograf Essebach\" \/><br \/>\n<img decoding=\"async\" title=\"Kinderfotograf Moosburg \" src=\"https:\/\/sevikoch.de\/wp-content\/uploads\/2021\/04\/Neugeborenenfotos-Dingolfing_0055.jpg\" alt=\"Babyfotograf Essebach\" \/><br \/>\n<img decoding=\"async\" title=\"Kinderfotograf Moosburg \" src=\"https:\/\/sevikoch.de\/wp-content\/uploads\/2021\/04\/Neugeborenenfotos-Dingolfing_0062.jpg\" alt=\"Babyfotograf Essebach\" \/><br \/>\n<img decoding=\"async\" title=\"Kinderfotograf Moosburg \" src=\"https:\/\/sevikoch.de\/wp-content\/uploads\/2021\/04\/Neugeborenenfotos-Dingolfing_0052.jpg\" alt=\"Babyfotograf Essebach\" \/><br \/>\n<img decoding=\"async\" title=\"Kinderfotograf Moosburg \" src=\"https:\/\/sevikoch.de\/wp-content\/uploads\/2021\/04\/Neugeborenenfotos-Dingolfing_0056.jpg\" alt=\"Babyfotograf Essebach\" \/><br \/>\n<img decoding=\"async\" title=\"Kinderfotograf Moosburg \" src=\"https:\/\/sevikoch.de\/wp-content\/uploads\/2021\/04\/Neugeborenenfotos-Dingolfing_0061.jpg\" alt=\"Babyfotograf Essebach\" \/><br \/>\n<img decoding=\"async\" title=\"Kinderfotograf Moosburg \" src=\"https:\/\/sevikoch.de\/wp-content\/uploads\/2021\/04\/Neugeborenenfotos-Dingolfing_0054.jpg\" alt=\"Babyfotograf Essebach\" \/><br \/>\n<img decoding=\"async\" title=\"Kinderfotograf Moosburg \" src=\"https:\/\/sevikoch.de\/wp-content\/uploads\/2021\/04\/Neugeborenenfotos-Dingolfing_0064.jpg\" alt=\"Babyfotograf Essebach\" \/><br \/>\n<img decoding=\"async\" title=\"Kinderfotograf Moosburg \" src=\"https:\/\/sevikoch.de\/wp-content\/uploads\/2021\/04\/Neugeborenenfotos-Dingolfing_0060.jpg\" alt=\"Babyfotograf Essebach\" \/><br \/>\n<img decoding=\"async\" title=\"Kinderfotograf Moosburg \" src=\"https:\/\/sevikoch.de\/wp-content\/uploads\/2021\/04\/Neugeborenenfotos-Dingolfing_0058.jpg\" alt=\"Babyfotograf Essebach\" \/><br \/>\n<img decoding=\"async\" title=\"Kinderfotograf Moosburg \" src=\"https:\/\/sevikoch.de\/wp-content\/uploads\/2021\/04\/Neugeborenenfotos-Dingolfing_0059.jpg\" alt=\"Babyfotograf Essebach\" \/><br \/>\n<img decoding=\"async\" title=\"Kinderfotograf Moosburg \" src=\"https:\/\/sevikoch.de\/wp-content\/uploads\/2021\/04\/Neugeborenenfotos-Dingolfing_0066.jpg\" alt=\"Babyfotograf Essebach\" \/><\/p>\n","protected":false},"excerpt":{"rendered":"<p>Es ist keine Floskel, wenn ich mich bei meinen Familien f\u00fcr das mir entgegen gebrachte Vertrauen bedanke. Ganz im Gegenteil. Ich meine es zu 100%, wie ich es sage. F\u00fcr mich pers\u00f6nlich ist es ein Vertrauensbeweis, den mir jede einzelne Familie, welche zu mir kommt entgegen bringt. Ich darf als Fotografin nicht nur knipsen, wenn...<\/p>\n","protected":false},"author":1,"featured_media":17885,"comment_status":"open","ping_status":"open","sticky":false,"template":"","format":"standard","meta":{"_exactmetrics_skip_tracking":false,"_exactmetrics_sitenote_active":false,"_exactmetrics_sitenote_note":"","_exactmetrics_sitenote_category":0,"pp_embeds":"","footnotes":""},"categories":[401],"tags":[979,978,755,783,812,781,541,980,977,671,976,22],"class_list":["post-17856","post","type-post","status-publish","format-standard","has-post-thumbnail","hentry","category-newborn","tag-babybilder-taufkirchen","tag-babyfotograf-altfraunhofen","tag-babyfotograf-deggendorf","tag-babyfotograf-kumhausen","tag-babyfotograf-markt-schwaben","tag-babyfotograf-vilsheim","tag-familienbilder-moosburg","tag-familienfotograf-eching","tag-fotograf-fuer-neugeborene","tag-neugeborenenbilder-erding","tag-neugeborenenfotos-deggendorf","tag-sevi-koch"],"_links":{"self":[{"href":"https:\/\/sevikoch.de\/index.php\/wp-json\/wp\/v2\/posts\/17856","targetHints":{"allow":["GET"]}}],"collection":[{"href":"https:\/\/sevikoch.de\/index.php\/wp-json\/wp\/v2\/posts"}],"about":[{"href":"https:\/\/sevikoch.de\/index.php\/wp-json\/wp\/v2\/types\/post"}],"author":[{"embeddable":true,"href":"https:\/\/sevikoch.de\/index.php\/wp-json\/wp\/v2\/users\/1"}],"replies":[{"embeddable":true,"href":"https:\/\/sevikoch.de\/index.php\/wp-json\/wp\/v2\/comments?post=17856"}],"version-history":[{"count":4,"href":"https:\/\/sevikoch.de\/index.php\/wp-json\/wp\/v2\/posts\/17856\/revisions"}],"predecessor-version":[{"id":18158,"href":"https:\/\/sevikoch.de\/index.php\/wp-json\/wp\/v2\/posts\/17856\/revisions\/18158"}],"wp:featuredmedia":[{"embeddable":true,"href":"https:\/\/sevikoch.de\/index.php\/wp-json\/wp\/v2\/media\/17885"}],"wp:attachment":[{"href":"https:\/\/sevikoch.de\/index.php\/wp-json\/wp\/v2\/media?parent=17856"}],"wp:term":[{"taxonomy":"category","embeddable":true,"href":"https:\/\/sevikoch.de\/index.php\/wp-json\/wp\/v2\/categories?post=17856"},{"taxonomy":"post_tag","embeddable":true,"href":"https:\/\/sevikoch.de\/index.php\/wp-json\/wp\/v2\/tags?post=17856"}],"curies":[{"name":"wp","href":"https:\/\/api.w.org\/{rel}","templated":true}]}}