{"id":17762,"date":"2021-03-27T07:55:21","date_gmt":"2021-03-27T06:55:21","guid":{"rendered":"https:\/\/sevikoch.de\/?p=17762"},"modified":"2021-03-24T07:58:46","modified_gmt":"2021-03-24T06:58:46","slug":"wenn-der-winter-sich-langsam-verabschiedet-kinderfotograf-dingolfing-sevi-koch-familienbilder-landshut-erding-moosburg-freising","status":"publish","type":"post","link":"https:\/\/sevikoch.de\/index.php\/wenn-der-winter-sich-langsam-verabschiedet-kinderfotograf-dingolfing-sevi-koch-familienbilder-landshut-erding-moosburg-freising\/","title":{"rendered":"Wenn der Winter sich langsam verabschiedet &#8211; Kinderfotograf Dingolfing Sevi Koch &#8211; Familienbilder Landshut Erding Moosburg Freising"},"content":{"rendered":"<p>Eine Mischung aus Winter und ganz fr\u00fches Fr\u00fchjahr konnte ich mit diesen beiden Herzmenschen festhalten. Die Mama hat sich ein Shooting mit ihrem kleinen Sohnemann gew\u00fcnscht und das Wetter war super gn\u00e4dig mit uns. Mich hat es mehr als erf\u00fcllt, dass sich der kleine Mann sowohl im Schnee als auch am Wasser so richtig austoben konnte und ich gemeinsame Momente mit ihm und seiner Mama f\u00fcr die beiden festhalten konnte:<\/p>\n<p>&nbsp;<\/p>\n<p><img decoding=\"async\" title=\"Kinderfotograf Moosburg an der Isar\" src=\"https:\/\/sevikoch.de\/wp-content\/uploads\/2021\/03\/kb-39sw.jpg\" alt=\"Familienbilder Dingolfing Sevi Koch \" \/><br \/>\n<img decoding=\"async\" title=\"Kinderfotograf Moosburg an der Isar\" src=\"https:\/\/sevikoch.de\/wp-content\/uploads\/2021\/03\/kb-25.jpg\" alt=\"Familienbilder Dingolfing Sevi Koch \" \/><br \/>\n<img decoding=\"async\" title=\"Kinderfotograf Moosburg an der Isar\" src=\"https:\/\/sevikoch.de\/wp-content\/uploads\/2021\/03\/kb-60.jpg\" alt=\"Familienbilder Dingolfing Sevi Koch \" \/><br \/>\n<img decoding=\"async\" title=\"Kinderfotograf Moosburg an der Isar\" src=\"https:\/\/sevikoch.de\/wp-content\/uploads\/2021\/03\/kb-24.jpg\" alt=\"Familienbilder Dingolfing Sevi Koch \" \/><br \/>\n<img decoding=\"async\" title=\"Kinderfotograf Moosburg an der Isar\" src=\"https:\/\/sevikoch.de\/wp-content\/uploads\/2021\/03\/kb-104sw.jpg\" alt=\"Familienbilder Dingolfing Sevi Koch \" \/><br \/>\n<img decoding=\"async\" title=\"Kinderfotograf Moosburg an der Isar\" src=\"https:\/\/sevikoch.de\/wp-content\/uploads\/2021\/03\/kb-76sw.jpg\" alt=\"Familienbilder Dingolfing Sevi Koch \" \/><br \/>\n<img decoding=\"async\" title=\"Kinderfotograf Moosburg an der Isar\" src=\"https:\/\/sevikoch.de\/wp-content\/uploads\/2021\/03\/kb-125.jpg\" alt=\"Familienbilder Dingolfing Sevi Koch \" \/><br \/>\n<img decoding=\"async\" title=\"Kinderfotograf Moosburg an der Isar\" src=\"https:\/\/sevikoch.de\/wp-content\/uploads\/2021\/03\/kb-117sw.jpg\" alt=\"Familienbilder Dingolfing Sevi Koch \" \/><br \/>\n<img decoding=\"async\" title=\"Kinderfotograf Moosburg an der Isar\" src=\"https:\/\/sevikoch.de\/wp-content\/uploads\/2021\/03\/kb-84.jpg\" alt=\"Familienbilder Dingolfing Sevi Koch \" \/><br \/>\n<img decoding=\"async\" title=\"Kinderfotograf Moosburg an der Isar\" src=\"https:\/\/sevikoch.de\/wp-content\/uploads\/2021\/03\/kb-107.jpg\" alt=\"Familienbilder Dingolfing Sevi Koch \" \/><br \/>\n<img decoding=\"async\" title=\"Kinderfotograf Moosburg an der Isar\" src=\"https:\/\/sevikoch.de\/wp-content\/uploads\/2021\/03\/kb-16.jpg\" alt=\"Familienbilder Dingolfing Sevi Koch \" \/><br \/>\n<img decoding=\"async\" title=\"Kinderfotograf Moosburg an der Isar\" src=\"https:\/\/sevikoch.de\/wp-content\/uploads\/2021\/03\/kb-52.jpg\" alt=\"Familienbilder Dingolfing Sevi Koch \" \/><br \/>\n<img decoding=\"async\" title=\"Kinderfotograf Moosburg an der Isar\" src=\"https:\/\/sevikoch.de\/wp-content\/uploads\/2021\/03\/kb-42.jpg\" alt=\"Familienbilder Dingolfing Sevi Koch \" \/><br \/>\n<img decoding=\"async\" title=\"Kinderfotograf Moosburg an der Isar\" src=\"https:\/\/sevikoch.de\/wp-content\/uploads\/2021\/03\/kb-19.jpg\" alt=\"Familienbilder Dingolfing Sevi Koch \" \/><br \/>\n<img decoding=\"async\" title=\"Kinderfotograf Moosburg an der Isar\" src=\"https:\/\/sevikoch.de\/wp-content\/uploads\/2021\/03\/kb-81.jpg\" alt=\"Familienbilder Dingolfing Sevi Koch \" \/><br \/>\n<img decoding=\"async\" title=\"Kinderfotograf Moosburg an der Isar\" src=\"https:\/\/sevikoch.de\/wp-content\/uploads\/2021\/03\/kb-124.jpg\" alt=\"Familienbilder Dingolfing Sevi Koch \" \/><br \/>\n<img decoding=\"async\" title=\"Kinderfotograf Moosburg an der Isar\" src=\"https:\/\/sevikoch.de\/wp-content\/uploads\/2021\/03\/kb-95.jpg\" alt=\"Familienbilder Dingolfing Sevi Koch \" \/><br \/>\n<img decoding=\"async\" title=\"Kinderfotograf Moosburg an der Isar\" src=\"https:\/\/sevikoch.de\/wp-content\/uploads\/2021\/03\/kb-113.jpg\" alt=\"Familienbilder Dingolfing Sevi Koch \" \/><br \/>\n<img decoding=\"async\" title=\"Kinderfotograf Moosburg an der Isar\" src=\"https:\/\/sevikoch.de\/wp-content\/uploads\/2021\/03\/kb-5sw.jpg\" alt=\"Familienbilder Dingolfing Sevi Koch \" \/><br \/>\n<img decoding=\"async\" title=\"Kinderfotograf Moosburg an der Isar\" src=\"https:\/\/sevikoch.de\/wp-content\/uploads\/2021\/03\/kb-100.jpg\" alt=\"Familienbilder Dingolfing Sevi Koch \" \/><br \/>\n<img decoding=\"async\" title=\"Kinderfotograf Moosburg an der Isar\" src=\"https:\/\/sevikoch.de\/wp-content\/uploads\/2021\/03\/kb-120.jpg\" alt=\"Familienbilder Dingolfing Sevi Koch \" \/><br \/>\n<img decoding=\"async\" title=\"Kinderfotograf Moosburg an der Isar\" src=\"https:\/\/sevikoch.de\/wp-content\/uploads\/2021\/03\/kb-86.jpg\" alt=\"Familienbilder Dingolfing Sevi Koch \" \/><br \/>\n<img decoding=\"async\" title=\"Kinderfotograf Moosburg an der Isar\" src=\"https:\/\/sevikoch.de\/wp-content\/uploads\/2021\/03\/kb-114.jpg\" alt=\"Familienbilder Dingolfing Sevi Koch \" \/><br \/>\n<img decoding=\"async\" title=\"Kinderfotograf Moosburg an der Isar\" src=\"https:\/\/sevikoch.de\/wp-content\/uploads\/2021\/03\/kb-110sw.jpg\" alt=\"Familienbilder Dingolfing Sevi Koch \" \/><br \/>\n<img decoding=\"async\" title=\"Kinderfotograf Moosburg an der Isar\" src=\"https:\/\/sevikoch.de\/wp-content\/uploads\/2021\/03\/kb-92.jpg\" alt=\"Familienbilder Dingolfing Sevi Koch \" \/><br \/>\n<img decoding=\"async\" title=\"Kinderfotograf Moosburg an der Isar\" src=\"https:\/\/sevikoch.de\/wp-content\/uploads\/2021\/03\/kb-79.jpg\" alt=\"Familienbilder Dingolfing Sevi Koch \" \/><br \/>\n<img decoding=\"async\" title=\"Kinderfotograf Moosburg an der Isar\" src=\"https:\/\/sevikoch.de\/wp-content\/uploads\/2021\/03\/kb-111.jpg\" alt=\"Familienbilder Dingolfing Sevi Koch \" \/><br \/>\n<img decoding=\"async\" title=\"Kinderfotograf Moosburg an der Isar\" src=\"https:\/\/sevikoch.de\/wp-content\/uploads\/2021\/03\/kb-43.jpg\" alt=\"Familienbilder Dingolfing Sevi Koch \" \/><\/p>\n","protected":false},"excerpt":{"rendered":"<p>Eine Mischung aus Winter und ganz fr\u00fches Fr\u00fchjahr konnte ich mit diesen beiden Herzmenschen festhalten. Die Mama hat sich ein Shooting mit ihrem kleinen Sohnemann gew\u00fcnscht und das Wetter war super gn\u00e4dig mit uns. Mich hat es mehr als erf\u00fcllt, dass sich der kleine Mann sowohl im Schnee als auch am Wasser so richtig austoben...<\/p>\n","protected":false},"author":1,"featured_media":17788,"comment_status":"open","ping_status":"open","sticky":false,"template":"","format":"standard","meta":{"_exactmetrics_skip_tracking":false,"_exactmetrics_sitenote_active":false,"_exactmetrics_sitenote_note":"","_exactmetrics_sitenote_category":0,"pp_embeds":"","footnotes":""},"categories":[382],"tags":[966,771,896,964,965,101,595,952,967,22],"class_list":["post-17762","post","type-post","status-publish","format-standard","has-post-thumbnail","hentry","category-familienshootings","tag-aquapark-moosburg","tag-familienbilder-dingolfing","tag-familienbilder-in-der-natur","tag-familienbilder-loiching","tag-familienfotograf-loiching","tag-fotograf-essenbach","tag-kinderbilder-moosburg-an-der-isar","tag-kinderfotograf-ergolding","tag-natuerliche-fotografie-erding","tag-sevi-koch"],"_links":{"self":[{"href":"https:\/\/sevikoch.de\/index.php\/wp-json\/wp\/v2\/posts\/17762","targetHints":{"allow":["GET"]}}],"collection":[{"href":"https:\/\/sevikoch.de\/index.php\/wp-json\/wp\/v2\/posts"}],"about":[{"href":"https:\/\/sevikoch.de\/index.php\/wp-json\/wp\/v2\/types\/post"}],"author":[{"embeddable":true,"href":"https:\/\/sevikoch.de\/index.php\/wp-json\/wp\/v2\/users\/1"}],"replies":[{"embeddable":true,"href":"https:\/\/sevikoch.de\/index.php\/wp-json\/wp\/v2\/comments?post=17762"}],"version-history":[{"count":3,"href":"https:\/\/sevikoch.de\/index.php\/wp-json\/wp\/v2\/posts\/17762\/revisions"}],"predecessor-version":[{"id":17794,"href":"https:\/\/sevikoch.de\/index.php\/wp-json\/wp\/v2\/posts\/17762\/revisions\/17794"}],"wp:featuredmedia":[{"embeddable":true,"href":"https:\/\/sevikoch.de\/index.php\/wp-json\/wp\/v2\/media\/17788"}],"wp:attachment":[{"href":"https:\/\/sevikoch.de\/index.php\/wp-json\/wp\/v2\/media?parent=17762"}],"wp:term":[{"taxonomy":"category","embeddable":true,"href":"https:\/\/sevikoch.de\/index.php\/wp-json\/wp\/v2\/categories?post=17762"},{"taxonomy":"post_tag","embeddable":true,"href":"https:\/\/sevikoch.de\/index.php\/wp-json\/wp\/v2\/tags?post=17762"}],"curies":[{"name":"wp","href":"https:\/\/api.w.org\/{rel}","templated":true}]}}