{"id":15199,"date":"2018-10-25T17:59:14","date_gmt":"2018-10-25T16:59:14","guid":{"rendered":"https:\/\/sevikoch.de\/?p=15199"},"modified":"2018-10-25T17:59:14","modified_gmt":"2018-10-25T16:59:14","slug":"sonnenaufgang-auf-einem-traumhaften-kuerbishof-nebel-im-oktober-sevi-koch-fotograf-landshut","status":"publish","type":"post","link":"https:\/\/sevikoch.de\/index.php\/sonnenaufgang-auf-einem-traumhaften-kuerbishof-nebel-im-oktober-sevi-koch-fotograf-landshut\/","title":{"rendered":"Sonnenaufgang auf einem traumhaften K\u00fcrbishof &#8211; Nebel im Oktober &#8211; Sevi Koch Fotograf Landshut"},"content":{"rendered":"<p>Drau\u00dfen pfeift der Wind und ich sitze mit meiner Tasse Tee, nach einem warmen Bad vor meinem Mac und bin in der Stimmung euch von diesem unvergesslichen Shoot zu erz\u00e4hlen. Die kleine Nina kenne ich schon seit ihrer Geburt und ihre Eltern schon weit vorher. Ich habe mich so gefreut, als ich die Nachricht bekam, dass ich Nina zu Sonnenaufgang an der unbeschreiblich sch\u00f6nen Location shooten darf&#8230;<\/p>\n<p>Der Nebel hat sich an diesem Morgen nicht gel\u00f6st und die Sonne in einen mega sch\u00f6nen Schleier gelegt, was uns wundersch\u00f6nes Licht an so vielen Stellen auf dem sch\u00f6nen Hof N\u00e4he Moosburg gegeben hat. Der Blogeintrag passt so zu meiner aktuellen Herbststimmung &#8211; denn ich liebe den Herbst mit allem, was er mit sich bringt&#8230; Feuer im Wohnzimmer, heissen Tee, Kuscheljacken, Nebel, Sonnenaufgang und das goldene Licht, was er an sch\u00f6nen Tag mit sich bringt&#8230;<\/p>\n<p>Aber ich will euch nicht zu viel vorab erz\u00e4hlen, denn ich finde, die Bilder sprechen f\u00fcr sich&#8230;<\/p>\n<p>Legt ein sch\u00f6nes Lied auf Spotify ein und geniesst diese herbstliche Stimmung mit mir:<\/p>\n<p><img decoding=\"async\" title=\"Kinderbilder Erding, Kinderbilder Dingolfing, Fotograf Sevi Koch \" src=\"https:\/\/sevikoch.de\/wp-content\/uploads\/2018\/10\/ni-1.jpg\" alt=\"Kinderfotograf Landshut Sevi Koch \" \/><br \/>\n<img decoding=\"async\" title=\"Kinderbilder Erding, Kinderbilder Dingolfing, Fotograf Sevi Koch \" src=\"https:\/\/sevikoch.de\/wp-content\/uploads\/2018\/10\/ni-36.jpg\" alt=\"Kinderfotograf Landshut Sevi Koch \" \/><br \/>\n<img decoding=\"async\" title=\"Kinderbilder Erding, Kinderbilder Dingolfing, Fotograf Sevi Koch \" src=\"https:\/\/sevikoch.de\/wp-content\/uploads\/2018\/10\/ni-9.jpg\" alt=\"Kinderfotograf Landshut Sevi Koch \" \/><br \/>\n<img decoding=\"async\" title=\"Kinderbilder Erding, Kinderbilder Dingolfing, Fotograf Sevi Koch \" src=\"https:\/\/sevikoch.de\/wp-content\/uploads\/2018\/10\/ni-21.jpg\" alt=\"Kinderfotograf Landshut Sevi Koch \" \/><br \/>\n<img decoding=\"async\" title=\"Kinderbilder Erding, Kinderbilder Dingolfing, Fotograf Sevi Koch \" src=\"https:\/\/sevikoch.de\/wp-content\/uploads\/2018\/10\/ni-26.jpg\" alt=\"Kinderfotograf Landshut Sevi Koch \" \/><br \/>\n<img decoding=\"async\" title=\"Kinderbilder Erding, Kinderbilder Dingolfing, Fotograf Sevi Koch \" src=\"https:\/\/sevikoch.de\/wp-content\/uploads\/2018\/10\/ni-19.jpg\" alt=\"Kinderfotograf Landshut Sevi Koch \" \/><br \/>\n<img decoding=\"async\" title=\"Kinderbilder Erding, Kinderbilder Dingolfing, Fotograf Sevi Koch \" src=\"https:\/\/sevikoch.de\/wp-content\/uploads\/2018\/10\/ni-33.jpg\" alt=\"Kinderfotograf Landshut Sevi Koch \" \/><br \/>\n<img decoding=\"async\" title=\"Kinderbilder Erding, Kinderbilder Dingolfing, Fotograf Sevi Koch \" src=\"https:\/\/sevikoch.de\/wp-content\/uploads\/2018\/10\/ni-34.jpg\" alt=\"Kinderfotograf Landshut Sevi Koch \" \/><br \/>\n<img decoding=\"async\" title=\"Kinderbilder Erding, Kinderbilder Dingolfing, Fotograf Sevi Koch \" src=\"https:\/\/sevikoch.de\/wp-content\/uploads\/2018\/10\/ni-50.jpg\" alt=\"Kinderfotograf Landshut Sevi Koch \" \/><br \/>\n<img decoding=\"async\" title=\"Kinderbilder Erding, Kinderbilder Dingolfing, Fotograf Sevi Koch \" src=\"https:\/\/sevikoch.de\/wp-content\/uploads\/2018\/10\/ni-7.jpg\" alt=\"Kinderfotograf Landshut Sevi Koch \" \/><br \/>\n<img decoding=\"async\" title=\"Kinderbilder Erding, Kinderbilder Dingolfing, Fotograf Sevi Koch \" src=\"https:\/\/sevikoch.de\/wp-content\/uploads\/2018\/10\/ni-40.jpg\" alt=\"Kinderfotograf Landshut Sevi Koch \" \/><br \/>\n<img decoding=\"async\" title=\"Kinderbilder Erding, Kinderbilder Dingolfing, Fotograf Sevi Koch \" src=\"https:\/\/sevikoch.de\/wp-content\/uploads\/2018\/10\/ni-16.jpg\" alt=\"Kinderfotograf Landshut Sevi Koch \" \/><br \/>\n<img decoding=\"async\" title=\"Kinderbilder Erding, Kinderbilder Dingolfing, Fotograf Sevi Koch \" src=\"https:\/\/sevikoch.de\/wp-content\/uploads\/2018\/10\/ni-55.jpg\" alt=\"Kinderfotograf Landshut Sevi Koch \" \/><br \/>\n<img decoding=\"async\" title=\"Kinderbilder Erding, Kinderbilder Dingolfing, Fotograf Sevi Koch \" src=\"https:\/\/sevikoch.de\/wp-content\/uploads\/2018\/10\/ni-6.jpg\" alt=\"Kinderfotograf Landshut Sevi Koch \" \/><br \/>\n<img decoding=\"async\" title=\"Kinderbilder Erding, Kinderbilder Dingolfing, Fotograf Sevi Koch \" src=\"https:\/\/sevikoch.de\/wp-content\/uploads\/2018\/10\/ni-15.jpg\" alt=\"Kinderfotograf Landshut Sevi Koch \" \/><br \/>\n<img decoding=\"async\" title=\"Kinderbilder Erding, Kinderbilder Dingolfing, Fotograf Sevi Koch \" src=\"https:\/\/sevikoch.de\/wp-content\/uploads\/2018\/10\/ni-56.jpg\" alt=\"Kinderfotograf Landshut Sevi Koch \" \/><br \/>\n<img decoding=\"async\" title=\"Kinderbilder Erding, Kinderbilder Dingolfing, Fotograf Sevi Koch \" src=\"https:\/\/sevikoch.de\/wp-content\/uploads\/2018\/10\/ni-46.jpg\" alt=\"Kinderfotograf Landshut Sevi Koch \" \/><br \/>\n<img decoding=\"async\" title=\"Kinderbilder Erding, Kinderbilder Dingolfing, Fotograf Sevi Koch \" src=\"https:\/\/sevikoch.de\/wp-content\/uploads\/2018\/10\/ni-51.jpg\" alt=\"Kinderfotograf Landshut Sevi Koch \" \/><br \/>\n<img decoding=\"async\" title=\"Kinderbilder Erding, Kinderbilder Dingolfing, Fotograf Sevi Koch \" src=\"https:\/\/sevikoch.de\/wp-content\/uploads\/2018\/10\/ni-2.jpg\" alt=\"Kinderfotograf Landshut Sevi Koch \" \/><br \/>\n<img decoding=\"async\" title=\"Kinderbilder Erding, Kinderbilder Dingolfing, Fotograf Sevi Koch \" src=\"https:\/\/sevikoch.de\/wp-content\/uploads\/2018\/10\/ni-3.jpg\" alt=\"Kinderfotograf Landshut Sevi Koch \" \/><br \/>\n<img decoding=\"async\" title=\"Kinderbilder Erding, Kinderbilder Dingolfing, Fotograf Sevi Koch \" src=\"https:\/\/sevikoch.de\/wp-content\/uploads\/2018\/10\/ni-82.jpg\" alt=\"Kinderfotograf Landshut Sevi Koch \" \/><br \/>\n<img decoding=\"async\" title=\"Kinderbilder Erding, Kinderbilder Dingolfing, Fotograf Sevi Koch \" src=\"https:\/\/sevikoch.de\/wp-content\/uploads\/2018\/10\/ni-74.jpg\" alt=\"Kinderfotograf Landshut Sevi Koch \" \/><br \/>\n<img decoding=\"async\" title=\"Kinderbilder Erding, Kinderbilder Dingolfing, Fotograf Sevi Koch \" src=\"https:\/\/sevikoch.de\/wp-content\/uploads\/2018\/10\/ni-72.jpg\" alt=\"Kinderfotograf Landshut Sevi Koch \" \/><br \/>\n<img decoding=\"async\" title=\"Kinderbilder Erding, Kinderbilder Dingolfing, Fotograf Sevi Koch \" src=\"https:\/\/sevikoch.de\/wp-content\/uploads\/2018\/10\/ni-62.jpg\" alt=\"Kinderfotograf Landshut Sevi Koch \" \/><br \/>\n<img decoding=\"async\" title=\"Kinderbilder Erding, Kinderbilder Dingolfing, Fotograf Sevi Koch \" src=\"https:\/\/sevikoch.de\/wp-content\/uploads\/2018\/10\/ni-68.jpg\" alt=\"Kinderfotograf Landshut Sevi Koch \" \/><br \/>\n<img decoding=\"async\" title=\"Kinderbilder Erding, Kinderbilder Dingolfing, Fotograf Sevi Koch \" src=\"https:\/\/sevikoch.de\/wp-content\/uploads\/2018\/10\/ni-70.jpg\" alt=\"Kinderfotograf Landshut Sevi Koch \" \/><br \/>\n<img decoding=\"async\" title=\"Kinderbilder Erding, Kinderbilder Dingolfing, Fotograf Sevi Koch \" src=\"https:\/\/sevikoch.de\/wp-content\/uploads\/2018\/10\/ni-77.jpg\" alt=\"Kinderfotograf Landshut Sevi Koch \" \/><br \/>\n<img decoding=\"async\" title=\"Kinderbilder Erding, Kinderbilder Dingolfing, Fotograf Sevi Koch \" src=\"https:\/\/sevikoch.de\/wp-content\/uploads\/2018\/10\/ni-73.jpg\" alt=\"Kinderfotograf Landshut Sevi Koch \" \/><br \/>\n<img decoding=\"async\" title=\"Kinderbilder Erding, Kinderbilder Dingolfing, Fotograf Sevi Koch \" src=\"https:\/\/sevikoch.de\/wp-content\/uploads\/2018\/10\/ni-83.jpg\" alt=\"Kinderfotograf Landshut Sevi Koch \" \/><br \/>\n<img decoding=\"async\" title=\"Kinderbilder Erding, Kinderbilder Dingolfing, Fotograf Sevi Koch \" src=\"https:\/\/sevikoch.de\/wp-content\/uploads\/2018\/10\/ni-59.jpg\" alt=\"Kinderfotograf Landshut Sevi Koch \" \/><\/p>\n","protected":false},"excerpt":{"rendered":"<p>Drau\u00dfen pfeift der Wind und ich sitze mit meiner Tasse Tee, nach einem warmen Bad vor meinem Mac und bin in der Stimmung euch von diesem unvergesslichen Shoot zu erz\u00e4hlen. Die kleine Nina kenne ich schon seit ihrer Geburt und ihre Eltern schon weit vorher. Ich habe mich so gefreut, als ich die Nachricht bekam,...<\/p>\n","protected":false},"author":1,"featured_media":15215,"comment_status":"open","ping_status":"open","sticky":false,"template":"","format":"standard","meta":{"_exactmetrics_skip_tracking":false,"_exactmetrics_sitenote_active":false,"_exactmetrics_sitenote_note":"","_exactmetrics_sitenote_category":0,"pp_embeds":"","footnotes":""},"categories":[394,32],"tags":[721,718,604,421,616,719,720,22],"class_list":["post-15199","post","type-post","status-publish","format-standard","has-post-thumbnail","hentry","category-kids","category-neues-im-blog","tag-herbstbilder-in-der-natur","tag-herbstshooting-landshut","tag-kinderbilder-dingolfing","tag-kinderbilder-landshut","tag-kinderfotograf-moosburg-an-der-isar","tag-kuerbishof-moosburg","tag-kuerbisse-langenbach","tag-sevi-koch"],"_links":{"self":[{"href":"https:\/\/sevikoch.de\/index.php\/wp-json\/wp\/v2\/posts\/15199","targetHints":{"allow":["GET"]}}],"collection":[{"href":"https:\/\/sevikoch.de\/index.php\/wp-json\/wp\/v2\/posts"}],"about":[{"href":"https:\/\/sevikoch.de\/index.php\/wp-json\/wp\/v2\/types\/post"}],"author":[{"embeddable":true,"href":"https:\/\/sevikoch.de\/index.php\/wp-json\/wp\/v2\/users\/1"}],"replies":[{"embeddable":true,"href":"https:\/\/sevikoch.de\/index.php\/wp-json\/wp\/v2\/comments?post=15199"}],"version-history":[{"count":3,"href":"https:\/\/sevikoch.de\/index.php\/wp-json\/wp\/v2\/posts\/15199\/revisions"}],"predecessor-version":[{"id":15233,"href":"https:\/\/sevikoch.de\/index.php\/wp-json\/wp\/v2\/posts\/15199\/revisions\/15233"}],"wp:featuredmedia":[{"embeddable":true,"href":"https:\/\/sevikoch.de\/index.php\/wp-json\/wp\/v2\/media\/15215"}],"wp:attachment":[{"href":"https:\/\/sevikoch.de\/index.php\/wp-json\/wp\/v2\/media?parent=15199"}],"wp:term":[{"taxonomy":"category","embeddable":true,"href":"https:\/\/sevikoch.de\/index.php\/wp-json\/wp\/v2\/categories?post=15199"},{"taxonomy":"post_tag","embeddable":true,"href":"https:\/\/sevikoch.de\/index.php\/wp-json\/wp\/v2\/tags?post=15199"}],"curies":[{"name":"wp","href":"https:\/\/api.w.org\/{rel}","templated":true}]}}