{"id":14868,"date":"2018-09-11T08:21:54","date_gmt":"2018-09-11T07:21:54","guid":{"rendered":"https:\/\/sevikoch.de\/?p=14868"},"modified":"2018-09-11T08:21:54","modified_gmt":"2018-09-11T07:21:54","slug":"neugeborenenfotos-landshut-dingolfing-deggendorf-erding-freising-fotostudio-landshut-sevi-koch-natuerliche-neugeborenenbilder","status":"publish","type":"post","link":"https:\/\/sevikoch.de\/index.php\/neugeborenenfotos-landshut-dingolfing-deggendorf-erding-freising-fotostudio-landshut-sevi-koch-natuerliche-neugeborenenbilder\/","title":{"rendered":"Neugeborenenfotos Landshut, Dingolfing, Deggendorf, Erding, Freising &#8211; Fotostudio Landshut Sevi Koch &#8211; Nat\u00fcrliche Neugeborenenbilder"},"content":{"rendered":"<p>Es liegt schon eine Weile zur\u00fcck, als ich das letzte Mal im Blog etwas gezeigt habe. Die letzten Monate waren voll von s\u00fc\u00dfen, kleinen Neugeborenen und ich habe mir fest vorgenommen, euch wieder mehr aus meinen Shootings in meinem Fotostudio N\u00e4he Landshut zu zeigen.<\/p>\n<p>Den Anfang macht diese kleine, wundersch\u00f6ne Lady.<\/p>\n<p>Sie hat mir im Shooting soviele Momente gegeben, die ich festhalten konnte. Vom G\u00e4hnen, Schlafen, Beobachten bis kurzem Weinen war alles dabei. So konnten wir wundersch\u00f6ne Erinnerungen f\u00fcr die Eltern und f\u00fcr sie selbst nat\u00fcrlich auch schaffen.<\/p>\n<p>&nbsp;<\/p>\n<p>&nbsp;<\/p>\n<p><img decoding=\"async\" title=\"Babybilder Dingolfing, Sevi Koch, Fotografin Landshut, Nat\u00fcrliche Babyfotos Erding, Fotograf Moosburg an der Isar \" src=\"https:\/\/sevikoch.de\/wp-content\/uploads\/2018\/09\/da-20.jpg\" alt=\"Babybilder Landshut Sevi Koch \" \/><br \/>\n<img decoding=\"async\" title=\"Babybilder Dingolfing, Sevi Koch, Fotografin Landshut, Nat\u00fcrliche Babyfotos Erding, Fotograf Moosburg an der Isar \" src=\"https:\/\/sevikoch.de\/wp-content\/uploads\/2018\/09\/da-52.jpg\" alt=\"Babybilder Landshut Sevi Koch \" \/><br \/>\n<img decoding=\"async\" title=\"Babybilder Dingolfing, Sevi Koch, Fotografin Landshut, Nat\u00fcrliche Babyfotos Erding, Fotograf Moosburg an der Isar \" src=\"https:\/\/sevikoch.de\/wp-content\/uploads\/2018\/09\/da-42.jpg\" alt=\"Babybilder Landshut Sevi Koch \" \/><br \/>\n<img decoding=\"async\" title=\"Babybilder Dingolfing, Sevi Koch, Fotografin Landshut, Nat\u00fcrliche Babyfotos Erding, Fotograf Moosburg an der Isar \" src=\"https:\/\/sevikoch.de\/wp-content\/uploads\/2018\/09\/da-24.jpg\" alt=\"Babybilder Landshut Sevi Koch \" \/><br \/>\n<img decoding=\"async\" title=\"Babybilder Dingolfing, Sevi Koch, Fotografin Landshut, Nat\u00fcrliche Babyfotos Erding, Fotograf Moosburg an der Isar \" src=\"https:\/\/sevikoch.de\/wp-content\/uploads\/2018\/09\/da-56.jpg\" alt=\"Babybilder Landshut Sevi Koch \" \/><br \/>\n<img decoding=\"async\" title=\"Babybilder Dingolfing, Sevi Koch, Fotografin Landshut, Nat\u00fcrliche Babyfotos Erding, Fotograf Moosburg an der Isar \" src=\"https:\/\/sevikoch.de\/wp-content\/uploads\/2018\/09\/da-1sw.jpg\" alt=\"Babybilder Landshut Sevi Koch \" \/><br \/>\n<img decoding=\"async\" title=\"Babybilder Dingolfing, Sevi Koch, Fotografin Landshut, Nat\u00fcrliche Babyfotos Erding, Fotograf Moosburg an der Isar \" src=\"https:\/\/sevikoch.de\/wp-content\/uploads\/2018\/09\/da-49.jpg\" alt=\"Babybilder Landshut Sevi Koch \" \/><br \/>\n<img decoding=\"async\" title=\"Babybilder Dingolfing, Sevi Koch, Fotografin Landshut, Nat\u00fcrliche Babyfotos Erding, Fotograf Moosburg an der Isar \" src=\"https:\/\/sevikoch.de\/wp-content\/uploads\/2018\/09\/da-71sw.jpg\" alt=\"Babybilder Landshut Sevi Koch \" \/><br \/>\n<img decoding=\"async\" title=\"Babybilder Dingolfing, Sevi Koch, Fotografin Landshut, Nat\u00fcrliche Babyfotos Erding, Fotograf Moosburg an der Isar \" src=\"https:\/\/sevikoch.de\/wp-content\/uploads\/2018\/09\/da-4.jpg\" alt=\"Babybilder Landshut Sevi Koch \" \/><br \/>\n<img decoding=\"async\" title=\"Babybilder Dingolfing, Sevi Koch, Fotografin Landshut, Nat\u00fcrliche Babyfotos Erding, Fotograf Moosburg an der Isar \" src=\"https:\/\/sevikoch.de\/wp-content\/uploads\/2018\/09\/da-76.jpg\" alt=\"Babybilder Landshut Sevi Koch \" \/><br \/>\n<img decoding=\"async\" title=\"Babybilder Dingolfing, Sevi Koch, Fotografin Landshut, Nat\u00fcrliche Babyfotos Erding, Fotograf Moosburg an der Isar \" src=\"https:\/\/sevikoch.de\/wp-content\/uploads\/2018\/09\/da-72.jpg\" alt=\"Babybilder Landshut Sevi Koch \" \/><br \/>\n<img decoding=\"async\" title=\"Babybilder Dingolfing, Sevi Koch, Fotografin Landshut, Nat\u00fcrliche Babyfotos Erding, Fotograf Moosburg an der Isar \" src=\"https:\/\/sevikoch.de\/wp-content\/uploads\/2018\/09\/da-59.jpg\" alt=\"Babybilder Landshut Sevi Koch \" \/><br \/>\n<img decoding=\"async\" title=\"Babybilder Dingolfing, Sevi Koch, Fotografin Landshut, Nat\u00fcrliche Babyfotos Erding, Fotograf Moosburg an der Isar \" src=\"https:\/\/sevikoch.de\/wp-content\/uploads\/2018\/09\/da-22.jpg\" alt=\"Babybilder Landshut Sevi Koch \" \/><br \/>\n<img decoding=\"async\" title=\"Babybilder Dingolfing, Sevi Koch, Fotografin Landshut, Nat\u00fcrliche Babyfotos Erding, Fotograf Moosburg an der Isar \" src=\"https:\/\/sevikoch.de\/wp-content\/uploads\/2018\/09\/da-6.jpg\" alt=\"Babybilder Landshut Sevi Koch \" \/><br \/>\n<img decoding=\"async\" title=\"Babybilder Dingolfing, Sevi Koch, Fotografin Landshut, Nat\u00fcrliche Babyfotos Erding, Fotograf Moosburg an der Isar \" src=\"https:\/\/sevikoch.de\/wp-content\/uploads\/2018\/09\/da-21sw.jpg\" alt=\"Babybilder Landshut Sevi Koch \" \/><br \/>\n<img decoding=\"async\" title=\"Babybilder Dingolfing, Sevi Koch, Fotografin Landshut, Nat\u00fcrliche Babyfotos Erding, Fotograf Moosburg an der Isar \" src=\"https:\/\/sevikoch.de\/wp-content\/uploads\/2018\/09\/da-68.jpg\" alt=\"Babybilder Landshut Sevi Koch \" \/><br \/>\n<img decoding=\"async\" title=\"Babybilder Dingolfing, Sevi Koch, Fotografin Landshut, Nat\u00fcrliche Babyfotos Erding, Fotograf Moosburg an der Isar \" src=\"https:\/\/sevikoch.de\/wp-content\/uploads\/2018\/09\/da-39.jpg\" alt=\"Babybilder Landshut Sevi Koch \" \/><br \/>\n<img decoding=\"async\" title=\"Babybilder Dingolfing, Sevi Koch, Fotografin Landshut, Nat\u00fcrliche Babyfotos Erding, Fotograf Moosburg an der Isar \" src=\"https:\/\/sevikoch.de\/wp-content\/uploads\/2018\/09\/da-41.jpg\" alt=\"Babybilder Landshut Sevi Koch \" \/><br \/>\n<img decoding=\"async\" title=\"Babybilder Dingolfing, Sevi Koch, Fotografin Landshut, Nat\u00fcrliche Babyfotos Erding, Fotograf Moosburg an der Isar \" src=\"https:\/\/sevikoch.de\/wp-content\/uploads\/2018\/09\/da-82sw.jpg\" alt=\"Babybilder Landshut Sevi Koch \" \/><br \/>\n<img decoding=\"async\" title=\"Babybilder Dingolfing, Sevi Koch, Fotografin Landshut, Nat\u00fcrliche Babyfotos Erding, Fotograf Moosburg an der Isar \" src=\"https:\/\/sevikoch.de\/wp-content\/uploads\/2018\/09\/da-10.jpg\" alt=\"Babybilder Landshut Sevi Koch \" \/><br \/>\n<img decoding=\"async\" title=\"Babybilder Dingolfing, Sevi Koch, Fotografin Landshut, Nat\u00fcrliche Babyfotos Erding, Fotograf Moosburg an der Isar \" src=\"https:\/\/sevikoch.de\/wp-content\/uploads\/2018\/09\/da-12.jpg\" alt=\"Babybilder Landshut Sevi Koch \" \/><br \/>\n<img decoding=\"async\" title=\"Babybilder Dingolfing, Sevi Koch, Fotografin Landshut, Nat\u00fcrliche Babyfotos Erding, Fotograf Moosburg an der Isar \" src=\"https:\/\/sevikoch.de\/wp-content\/uploads\/2018\/09\/da-8sw.jpg\" alt=\"Babybilder Landshut Sevi Koch \" \/><br \/>\n<img decoding=\"async\" title=\"Babybilder Dingolfing, Sevi Koch, Fotografin Landshut, Nat\u00fcrliche Babyfotos Erding, Fotograf Moosburg an der Isar \" src=\"https:\/\/sevikoch.de\/wp-content\/uploads\/2018\/09\/da-97.jpg\" alt=\"Babybilder Landshut Sevi Koch \" \/><br \/>\n<img decoding=\"async\" title=\"Babybilder Dingolfing, Sevi Koch, Fotografin Landshut, Nat\u00fcrliche Babyfotos Erding, Fotograf Moosburg an der Isar \" src=\"https:\/\/sevikoch.de\/wp-content\/uploads\/2018\/09\/da-28.jpg\" alt=\"Babybilder Landshut Sevi Koch \" \/><br \/>\n<img decoding=\"async\" title=\"Babybilder Dingolfing, Sevi Koch, Fotografin Landshut, Nat\u00fcrliche Babyfotos Erding, Fotograf Moosburg an der Isar \" src=\"https:\/\/sevikoch.de\/wp-content\/uploads\/2018\/09\/da-16.jpg\" alt=\"Babybilder Landshut Sevi Koch \" \/><br \/>\n<img decoding=\"async\" title=\"Babybilder Dingolfing, Sevi Koch, Fotografin Landshut, Nat\u00fcrliche Babyfotos Erding, Fotograf Moosburg an der Isar \" src=\"https:\/\/sevikoch.de\/wp-content\/uploads\/2018\/09\/da-99.jpg\" alt=\"Babybilder Landshut Sevi Koch \" \/><\/p>\n","protected":false},"excerpt":{"rendered":"<p>Es liegt schon eine Weile zur\u00fcck, als ich das letzte Mal im Blog etwas gezeigt habe. Die letzten Monate waren voll von s\u00fc\u00dfen, kleinen Neugeborenen und ich habe mir fest vorgenommen, euch wieder mehr aus meinen Shootings in meinem Fotostudio N\u00e4he Landshut zu zeigen. Den Anfang macht diese kleine, wundersch\u00f6ne Lady. Sie hat mir im...<\/p>\n","protected":false},"author":1,"featured_media":0,"comment_status":"open","ping_status":"open","sticky":false,"template":"","format":"standard","meta":{"_exactmetrics_skip_tracking":false,"_exactmetrics_sitenote_active":false,"_exactmetrics_sitenote_note":"","_exactmetrics_sitenote_category":0,"pp_embeds":"","footnotes":""},"categories":[32,401],"tags":[688,127,59,687,21,689,690,429,22,499],"class_list":["post-14868","post","type-post","status-publish","format-standard","hentry","category-neues-im-blog","category-newborn","tag-babybilder-vilsbiburg","tag-babyfotografie","tag-babyfotos-landshut","tag-babyfotos-moosburg-an-der-isar","tag-fotograf-landshut","tag-fotografin-dingolfing","tag-minimaoistische-babybilder-landshut","tag-natuerliche-babyfotografie","tag-sevi-koch","tag-storytelling-shooting-landshut"],"_links":{"self":[{"href":"https:\/\/sevikoch.de\/index.php\/wp-json\/wp\/v2\/posts\/14868","targetHints":{"allow":["GET"]}}],"collection":[{"href":"https:\/\/sevikoch.de\/index.php\/wp-json\/wp\/v2\/posts"}],"about":[{"href":"https:\/\/sevikoch.de\/index.php\/wp-json\/wp\/v2\/types\/post"}],"author":[{"embeddable":true,"href":"https:\/\/sevikoch.de\/index.php\/wp-json\/wp\/v2\/users\/1"}],"replies":[{"embeddable":true,"href":"https:\/\/sevikoch.de\/index.php\/wp-json\/wp\/v2\/comments?post=14868"}],"version-history":[{"count":3,"href":"https:\/\/sevikoch.de\/index.php\/wp-json\/wp\/v2\/posts\/14868\/revisions"}],"predecessor-version":[{"id":14898,"href":"https:\/\/sevikoch.de\/index.php\/wp-json\/wp\/v2\/posts\/14868\/revisions\/14898"}],"wp:attachment":[{"href":"https:\/\/sevikoch.de\/index.php\/wp-json\/wp\/v2\/media?parent=14868"}],"wp:term":[{"taxonomy":"category","embeddable":true,"href":"https:\/\/sevikoch.de\/index.php\/wp-json\/wp\/v2\/categories?post=14868"},{"taxonomy":"post_tag","embeddable":true,"href":"https:\/\/sevikoch.de\/index.php\/wp-json\/wp\/v2\/tags?post=14868"}],"curies":[{"name":"wp","href":"https:\/\/api.w.org\/{rel}","templated":true}]}}