{"id":14416,"date":"2018-07-23T13:48:31","date_gmt":"2018-07-23T12:48:31","guid":{"rendered":"https:\/\/sevikoch.de\/?p=14416"},"modified":"2018-07-23T13:55:31","modified_gmt":"2018-07-23T12:55:31","slug":"innige-familienbilder-mit-herz-babyfotograf-landshut-dingolfing-moosburg-erding-sevi-koch-fotografin-in-landshut","status":"publish","type":"post","link":"https:\/\/sevikoch.de\/index.php\/innige-familienbilder-mit-herz-babyfotograf-landshut-dingolfing-moosburg-erding-sevi-koch-fotografin-in-landshut\/","title":{"rendered":"Innige Familienbilder mit Herz &#8211; Babyfotograf Landshut &#8211; Dingolfing &#8211; Moosburg &#8211; Erding  &#8211; Sevi Koch Fotografin in Landshut"},"content":{"rendered":"<p>Ich werde oft gefragt, was ich mache, wenn die Babies nicht einschlafen wollen im Shooting &#8211; Nun, es ist mir nicht wichtig, dass die kleinen M\u00e4use schlafen, wichtig ist mir, dass sich die Kleinen und der Rest der Familie entspannen k\u00f6nnen im Shooting. Es sind nicht nur schlafende Bilder, die eine Story erz\u00e4hlen k\u00f6nnen. Gerade Momente, in denen die kleinen beginnen aufzuwachen oder Momente, in denen sie alles um sich herum erkunden, aber auch Momente, in denen ein kurzes Weinen auftritt, die mich begeistern, denn das sind Momente, die echt sind &#8230;<\/p>\n<p>Auf dieses Wiedersehen habe ich mich gefreut. Ich durfte die Mama schon mit Babybauch im Schnee und im zusammen mit dem gro\u00dfen Bruder im Studio fotografieren. Zuvor durfte ich an dem Tag, an dem sie sich das &#8222;Ja-Wort&#8220; gaben dabei sein. Momente, die f\u00fcr die Ewigkeit bleiben werden. Nat\u00fcrlich habe ich mich sehr gefreut, als die Familie dann mit Zuwachs im Studio war..<\/p>\n<p>Was entstanden ist, ist deren ganz pers\u00f6nliche Story&#8230;<\/p>\n<p><img decoding=\"async\" title=\"Babyfotos Moosburg, Babybilder Wartenberg, Babyfotograf Erding, Familienbilder Landshut, Famiilienfotografin Landshut, Sevi Koch, Newbornbilder Ergoldsbach\" src=\"https:\/\/sevikoch.de\/wp-content\/uploads\/2018\/07\/ev-11.jpg\" alt=\"Babyfotograf Dingolfing Landshut Sevi Koch \" \/><br \/>\n<img decoding=\"async\" title=\"Babyfotos Moosburg, Babybilder Wartenberg, Babyfotograf Erding, Familienbilder Landshut, Famiilienfotografin Landshut, Sevi Koch, Newbornbilder Ergoldsbach\" src=\"https:\/\/sevikoch.de\/wp-content\/uploads\/2018\/07\/ev-39.jpg\" alt=\"Babyfotograf Dingolfing Landshut Sevi Koch \" \/><br \/>\n<img decoding=\"async\" title=\"Babyfotos Moosburg, Babybilder Wartenberg, Babyfotograf Erding, Familienbilder Landshut, Famiilienfotografin Landshut, Sevi Koch, Newbornbilder Ergoldsbach\" src=\"https:\/\/sevikoch.de\/wp-content\/uploads\/2018\/07\/ev-62.jpg\" alt=\"Babyfotograf Dingolfing Landshut Sevi Koch \" \/><br \/>\n<img decoding=\"async\" title=\"Babyfotos Moosburg, Babybilder Wartenberg, Babyfotograf Erding, Familienbilder Landshut, Famiilienfotografin Landshut, Sevi Koch, Newbornbilder Ergoldsbach\" src=\"https:\/\/sevikoch.de\/wp-content\/uploads\/2018\/07\/ev-17sw.jpg\" alt=\"Babyfotograf Dingolfing Landshut Sevi Koch \" \/><br \/>\n<img decoding=\"async\" title=\"Babyfotos Moosburg, Babybilder Wartenberg, Babyfotograf Erding, Familienbilder Landshut, Famiilienfotografin Landshut, Sevi Koch, Newbornbilder Ergoldsbach\" src=\"https:\/\/sevikoch.de\/wp-content\/uploads\/2018\/07\/ev-1.jpg\" alt=\"Babyfotograf Dingolfing Landshut Sevi Koch \" \/><br \/>\n<img decoding=\"async\" title=\"Babyfotos Moosburg, Babybilder Wartenberg, Babyfotograf Erding, Familienbilder Landshut, Famiilienfotografin Landshut, Sevi Koch, Newbornbilder Ergoldsbach\" src=\"https:\/\/sevikoch.de\/wp-content\/uploads\/2018\/07\/ev-13.jpg\" alt=\"Babyfotograf Dingolfing Landshut Sevi Koch \" \/><br \/>\n<img decoding=\"async\" title=\"Babyfotos Moosburg, Babybilder Wartenberg, Babyfotograf Erding, Familienbilder Landshut, Famiilienfotografin Landshut, Sevi Koch, Newbornbilder Ergoldsbach\" src=\"https:\/\/sevikoch.de\/wp-content\/uploads\/2018\/07\/ev-31.jpg\" alt=\"Babyfotograf Dingolfing Landshut Sevi Koch \" \/><br \/>\n<img decoding=\"async\" title=\"Babyfotos Moosburg, Babybilder Wartenberg, Babyfotograf Erding, Familienbilder Landshut, Famiilienfotografin Landshut, Sevi Koch, Newbornbilder Ergoldsbach\" src=\"https:\/\/sevikoch.de\/wp-content\/uploads\/2018\/07\/ev-8.jpg\" alt=\"Babyfotograf Dingolfing Landshut Sevi Koch \" \/><br \/>\n<img decoding=\"async\" title=\"Babyfotos Moosburg, Babybilder Wartenberg, Babyfotograf Erding, Familienbilder Landshut, Famiilienfotografin Landshut, Sevi Koch, Newbornbilder Ergoldsbach\" src=\"https:\/\/sevikoch.de\/wp-content\/uploads\/2018\/07\/ev-71sw.jpg\" alt=\"Babyfotograf Dingolfing Landshut Sevi Koch \" \/><br \/>\n<img decoding=\"async\" title=\"Babyfotos Moosburg, Babybilder Wartenberg, Babyfotograf Erding, Familienbilder Landshut, Famiilienfotografin Landshut, Sevi Koch, Newbornbilder Ergoldsbach\" src=\"https:\/\/sevikoch.de\/wp-content\/uploads\/2018\/07\/ev-12.jpg\" alt=\"Babyfotograf Dingolfing Landshut Sevi Koch \" \/><br \/>\n<img decoding=\"async\" title=\"Babyfotos Moosburg, Babybilder Wartenberg, Babyfotograf Erding, Familienbilder Landshut, Famiilienfotografin Landshut, Sevi Koch, Newbornbilder Ergoldsbach\" src=\"https:\/\/sevikoch.de\/wp-content\/uploads\/2018\/07\/ev-22.jpg\" alt=\"Babyfotograf Dingolfing Landshut Sevi Koch \" \/><br \/>\n<img decoding=\"async\" title=\"Babyfotos Moosburg, Babybilder Wartenberg, Babyfotograf Erding, Familienbilder Landshut, Famiilienfotografin Landshut, Sevi Koch, Newbornbilder Ergoldsbach\" src=\"https:\/\/sevikoch.de\/wp-content\/uploads\/2018\/07\/ev-24sw.jpg\" alt=\"Babyfotograf Dingolfing Landshut Sevi Koch \" \/><br \/>\n<img decoding=\"async\" title=\"Babyfotos Moosburg, Babybilder Wartenberg, Babyfotograf Erding, Familienbilder Landshut, Famiilienfotografin Landshut, Sevi Koch, Newbornbilder Ergoldsbach\" src=\"https:\/\/sevikoch.de\/wp-content\/uploads\/2018\/07\/ev-111.jpg\" alt=\"Babyfotograf Dingolfing Landshut Sevi Koch \" \/><br \/>\n<img decoding=\"async\" title=\"Babyfotos Moosburg, Babybilder Wartenberg, Babyfotograf Erding, Familienbilder Landshut, Famiilienfotografin Landshut, Sevi Koch, Newbornbilder Ergoldsbach\" src=\"https:\/\/sevikoch.de\/wp-content\/uploads\/2018\/07\/ev-55sw.jpg\" alt=\"Babyfotograf Dingolfing Landshut Sevi Koch \" \/><br \/>\n<img decoding=\"async\" title=\"Babyfotos Moosburg, Babybilder Wartenberg, Babyfotograf Erding, Familienbilder Landshut, Famiilienfotografin Landshut, Sevi Koch, Newbornbilder Ergoldsbach\" src=\"https:\/\/sevikoch.de\/wp-content\/uploads\/2018\/07\/ev-28.jpg\" alt=\"Babyfotograf Dingolfing Landshut Sevi Koch \" \/><br \/>\n<img decoding=\"async\" title=\"Babyfotos Moosburg, Babybilder Wartenberg, Babyfotograf Erding, Familienbilder Landshut, Famiilienfotografin Landshut, Sevi Koch, Newbornbilder Ergoldsbach\" src=\"https:\/\/sevikoch.de\/wp-content\/uploads\/2018\/07\/ev-20.jpg\" alt=\"Babyfotograf Dingolfing Landshut Sevi Koch \" \/><br \/>\n<img decoding=\"async\" title=\"Babyfotos Moosburg, Babybilder Wartenberg, Babyfotograf Erding, Familienbilder Landshut, Famiilienfotografin Landshut, Sevi Koch, Newbornbilder Ergoldsbach\" src=\"https:\/\/sevikoch.de\/wp-content\/uploads\/2018\/07\/ev-38sw.jpg\" alt=\"Babyfotograf Dingolfing Landshut Sevi Koch \" \/><br \/>\n<img decoding=\"async\" title=\"Babyfotos Moosburg, Babybilder Wartenberg, Babyfotograf Erding, Familienbilder Landshut, Famiilienfotografin Landshut, Sevi Koch, Newbornbilder Ergoldsbach\" src=\"https:\/\/sevikoch.de\/wp-content\/uploads\/2018\/07\/ev-43sw.jpg\" alt=\"Babyfotograf Dingolfing Landshut Sevi Koch \" \/><br \/>\n<img decoding=\"async\" title=\"Babyfotos Moosburg, Babybilder Wartenberg, Babyfotograf Erding, Familienbilder Landshut, Famiilienfotografin Landshut, Sevi Koch, Newbornbilder Ergoldsbach\" src=\"https:\/\/sevikoch.de\/wp-content\/uploads\/2018\/07\/ev-66sw.jpg\" alt=\"Babyfotograf Dingolfing Landshut Sevi Koch \" \/><br \/>\n<img decoding=\"async\" title=\"Babyfotos Moosburg, Babybilder Wartenberg, Babyfotograf Erding, Familienbilder Landshut, Famiilienfotografin Landshut, Sevi Koch, Newbornbilder Ergoldsbach\" src=\"https:\/\/sevikoch.de\/wp-content\/uploads\/2018\/07\/ev-32.jpg\" alt=\"Babyfotograf Dingolfing Landshut Sevi Koch \" \/><br \/>\n<img decoding=\"async\" title=\"Babyfotos Moosburg, Babybilder Wartenberg, Babyfotograf Erding, Familienbilder Landshut, Famiilienfotografin Landshut, Sevi Koch, Newbornbilder Ergoldsbach\" src=\"https:\/\/sevikoch.de\/wp-content\/uploads\/2018\/07\/ev-33.jpg\" alt=\"Babyfotograf Dingolfing Landshut Sevi Koch \" \/><br \/>\n<img decoding=\"async\" title=\"Babyfotos Moosburg, Babybilder Wartenberg, Babyfotograf Erding, Familienbilder Landshut, Famiilienfotografin Landshut, Sevi Koch, Newbornbilder Ergoldsbach\" src=\"https:\/\/sevikoch.de\/wp-content\/uploads\/2018\/07\/ev-29.jpg\" alt=\"Babyfotograf Dingolfing Landshut Sevi Koch \" \/><br \/>\n<img decoding=\"async\" title=\"Babyfotos Moosburg, Babybilder Wartenberg, Babyfotograf Erding, Familienbilder Landshut, Famiilienfotografin Landshut, Sevi Koch, Newbornbilder Ergoldsbach\" src=\"https:\/\/sevikoch.de\/wp-content\/uploads\/2018\/07\/ev-45sw.jpg\" alt=\"Babyfotograf Dingolfing Landshut Sevi Koch \" \/><br \/>\n<img decoding=\"async\" title=\"Babyfotos Moosburg, Babybilder Wartenberg, Babyfotograf Erding, Familienbilder Landshut, Famiilienfotografin Landshut, Sevi Koch, Newbornbilder Ergoldsbach\" src=\"https:\/\/sevikoch.de\/wp-content\/uploads\/2018\/07\/ev-41.jpg\" alt=\"Babyfotograf Dingolfing Landshut Sevi Koch \" \/><br \/>\n<img decoding=\"async\" title=\"Babyfotos Moosburg, Babybilder Wartenberg, Babyfotograf Erding, Familienbilder Landshut, Famiilienfotografin Landshut, Sevi Koch, Newbornbilder Ergoldsbach\" src=\"https:\/\/sevikoch.de\/wp-content\/uploads\/2018\/07\/ev-61sw.jpg\" alt=\"Babyfotograf Dingolfing Landshut Sevi Koch \" \/><br \/>\n<img decoding=\"async\" title=\"Babyfotos Moosburg, Babybilder Wartenberg, Babyfotograf Erding, Familienbilder Landshut, Famiilienfotografin Landshut, Sevi Koch, Newbornbilder Ergoldsbach\" src=\"https:\/\/sevikoch.de\/wp-content\/uploads\/2018\/07\/ev-81.jpg\" alt=\"Babyfotograf Dingolfing Landshut Sevi Koch \" \/><br \/>\n<img decoding=\"async\" title=\"Babyfotos Moosburg, Babybilder Wartenberg, Babyfotograf Erding, Familienbilder Landshut, Famiilienfotografin Landshut, Sevi Koch, Newbornbilder Ergoldsbach\" src=\"https:\/\/sevikoch.de\/wp-content\/uploads\/2018\/07\/ev-42.jpg\" alt=\"Babyfotograf Dingolfing Landshut Sevi Koch \" \/><br \/>\n<img decoding=\"async\" title=\"Babyfotos Moosburg, Babybilder Wartenberg, Babyfotograf Erding, Familienbilder Landshut, Famiilienfotografin Landshut, Sevi Koch, Newbornbilder Ergoldsbach\" src=\"https:\/\/sevikoch.de\/wp-content\/uploads\/2018\/07\/ev-97.jpg\" alt=\"Babyfotograf Dingolfing Landshut Sevi Koch \" \/><br \/>\n<img decoding=\"async\" title=\"Babyfotos Moosburg, Babybilder Wartenberg, Babyfotograf Erding, Familienbilder Landshut, Famiilienfotografin Landshut, Sevi Koch, Newbornbilder Ergoldsbach\" src=\"https:\/\/sevikoch.de\/wp-content\/uploads\/2018\/07\/ev-93.jpg\" alt=\"Babyfotograf Dingolfing Landshut Sevi Koch \" \/><br \/>\n<img decoding=\"async\" title=\"Babyfotos Moosburg, Babybilder Wartenberg, Babyfotograf Erding, Familienbilder Landshut, Famiilienfotografin Landshut, Sevi Koch, Newbornbilder Ergoldsbach\" src=\"https:\/\/sevikoch.de\/wp-content\/uploads\/2018\/07\/ev-106.jpg\" alt=\"Babyfotograf Dingolfing Landshut Sevi Koch \" \/><br \/>\n<img decoding=\"async\" title=\"Babyfotos Moosburg, Babybilder Wartenberg, Babyfotograf Erding, Familienbilder Landshut, Famiilienfotografin Landshut, Sevi Koch, Newbornbilder Ergoldsbach\" src=\"https:\/\/sevikoch.de\/wp-content\/uploads\/2018\/07\/ev-101.jpg\" alt=\"Babyfotograf Dingolfing Landshut Sevi Koch \" \/><\/p>\n","protected":false},"excerpt":{"rendered":"<p>Ich werde oft gefragt, was ich mache, wenn die Babies nicht einschlafen wollen im Shooting &#8211; Nun, es ist mir nicht wichtig, dass die kleinen M\u00e4use schlafen, wichtig ist mir, dass sich die Kleinen und der Rest der Familie entspannen k\u00f6nnen im Shooting. Es sind nicht nur schlafende Bilder, die eine Story erz\u00e4hlen k\u00f6nnen. Gerade...<\/p>\n","protected":false},"author":1,"featured_media":14433,"comment_status":"open","ping_status":"open","sticky":false,"template":"","format":"standard","meta":{"_exactmetrics_skip_tracking":false,"_exactmetrics_sitenote_active":false,"_exactmetrics_sitenote_note":"","_exactmetrics_sitenote_category":0,"pp_embeds":"","footnotes":""},"categories":[382,401],"tags":[493,675,677,676,51,40,101,67,603,22],"class_list":["post-14416","post","type-post","status-publish","format-standard","has-post-thumbnail","hentry","category-familienshootings","category-newborn","tag-babybilder-dingolfing","tag-babybilder-mauern","tag-babybilder-unterschleissheim","tag-familienshooting-mit-baby-erding","tag-fotograf-bayern","tag-fotograf-deggendorf","tag-fotograf-essenbach","tag-fotograf-moosburg","tag-kinderfotograf-erding","tag-sevi-koch"],"_links":{"self":[{"href":"https:\/\/sevikoch.de\/index.php\/wp-json\/wp\/v2\/posts\/14416","targetHints":{"allow":["GET"]}}],"collection":[{"href":"https:\/\/sevikoch.de\/index.php\/wp-json\/wp\/v2\/posts"}],"about":[{"href":"https:\/\/sevikoch.de\/index.php\/wp-json\/wp\/v2\/types\/post"}],"author":[{"embeddable":true,"href":"https:\/\/sevikoch.de\/index.php\/wp-json\/wp\/v2\/users\/1"}],"replies":[{"embeddable":true,"href":"https:\/\/sevikoch.de\/index.php\/wp-json\/wp\/v2\/comments?post=14416"}],"version-history":[{"count":3,"href":"https:\/\/sevikoch.de\/index.php\/wp-json\/wp\/v2\/posts\/14416\/revisions"}],"predecessor-version":[{"id":14453,"href":"https:\/\/sevikoch.de\/index.php\/wp-json\/wp\/v2\/posts\/14416\/revisions\/14453"}],"wp:featuredmedia":[{"embeddable":true,"href":"https:\/\/sevikoch.de\/index.php\/wp-json\/wp\/v2\/media\/14433"}],"wp:attachment":[{"href":"https:\/\/sevikoch.de\/index.php\/wp-json\/wp\/v2\/media?parent=14416"}],"wp:term":[{"taxonomy":"category","embeddable":true,"href":"https:\/\/sevikoch.de\/index.php\/wp-json\/wp\/v2\/categories?post=14416"},{"taxonomy":"post_tag","embeddable":true,"href":"https:\/\/sevikoch.de\/index.php\/wp-json\/wp\/v2\/tags?post=14416"}],"curies":[{"name":"wp","href":"https:\/\/api.w.org\/{rel}","templated":true}]}}