{"id":12889,"date":"2018-02-19T08:49:36","date_gmt":"2018-02-19T07:49:36","guid":{"rendered":"https:\/\/sevikoch.de\/?p=12889"},"modified":"2018-02-19T08:49:36","modified_gmt":"2018-02-19T07:49:36","slug":"magical-moment-das-bad-eines-neugeborenen-homestory-landshut-babyfotografin-sevi-koch-erding-landshut-dingolfing-vilsbiburg","status":"publish","type":"post","link":"https:\/\/sevikoch.de\/index.php\/magical-moment-das-bad-eines-neugeborenen-homestory-landshut-babyfotografin-sevi-koch-erding-landshut-dingolfing-vilsbiburg\/","title":{"rendered":"Magical Moment &#8211; Das Bad eines Neugeborenen &#8211; Homestory Landshut &#8211; Babyfotografin Sevi Koch Erding Landshut Dingolfing Vilsbiburg"},"content":{"rendered":"<p>Wie lange habe ich mir das schon gew\u00fcnscht&#8230;.<\/p>\n<p>&nbsp;<\/p>\n<p>Als Fotograf gibt es einiges, was man so gerne begleiten w\u00fcrde. Ein gro\u00dfer Wunsch von mir war es, ein Neugeborenes beim Baden zu begleiten und zu erleben, wie wohl es sich von der ersten Sekunde an im Wasser f\u00fchlt.<\/p>\n<p>Ich habe mich so gefreut, dass ich die liebe Familie an diesem gro\u00dfen Tag begleiten durfte und diesen magischen Moment mit erleben durfte&#8230;.<\/p>\n<p><img decoding=\"async\" title=\"Nat\u00fcrliche Babyfotos Landshut, Sevi Koch, homestory Landshut, Babybilder Moosburg, Babyfotograf Erding, Babybilder Mauern\" src=\"https:\/\/sevikoch.de\/wp-content\/uploads\/2018\/02\/es-81.jpg\" alt=\"Babyfotograf Landshut, Storytelling Familienfotografie\" \/><br \/>\n<img decoding=\"async\" title=\"Nat\u00fcrliche Babyfotos Landshut, Sevi Koch, homestory Landshut, Babybilder Moosburg, Babyfotograf Erding, Babybilder Mauern\" src=\"https:\/\/sevikoch.de\/wp-content\/uploads\/2018\/02\/es-43.jpg\" alt=\"Babyfotograf Landshut, Storytelling Familienfotografie\" \/><br \/>\n<img decoding=\"async\" title=\"Nat\u00fcrliche Babyfotos Landshut, Sevi Koch, homestory Landshut, Babybilder Moosburg, Babyfotograf Erding, Babybilder Mauern\" src=\"https:\/\/sevikoch.de\/wp-content\/uploads\/2018\/02\/es-88.jpg\" alt=\"Babyfotograf Landshut, Storytelling Familienfotografie\" \/><br \/>\n<img decoding=\"async\" title=\"Nat\u00fcrliche Babyfotos Landshut, Sevi Koch, homestory Landshut, Babybilder Moosburg, Babyfotograf Erding, Babybilder Mauern\" src=\"https:\/\/sevikoch.de\/wp-content\/uploads\/2018\/02\/es-12.jpg\" alt=\"Babyfotograf Landshut, Storytelling Familienfotografie\" \/><br \/>\n<img decoding=\"async\" title=\"Nat\u00fcrliche Babyfotos Landshut, Sevi Koch, homestory Landshut, Babybilder Moosburg, Babyfotograf Erding, Babybilder Mauern\" src=\"https:\/\/sevikoch.de\/wp-content\/uploads\/2018\/02\/es-3.jpg\" alt=\"Babyfotograf Landshut, Storytelling Familienfotografie\" \/><br \/>\n<img decoding=\"async\" title=\"Nat\u00fcrliche Babyfotos Landshut, Sevi Koch, homestory Landshut, Babybilder Moosburg, Babyfotograf Erding, Babybilder Mauern\" src=\"https:\/\/sevikoch.de\/wp-content\/uploads\/2018\/02\/es-59.jpg\" alt=\"Babyfotograf Landshut, Storytelling Familienfotografie\" \/><br \/>\n<img decoding=\"async\" title=\"Nat\u00fcrliche Babyfotos Landshut, Sevi Koch, homestory Landshut, Babybilder Moosburg, Babyfotograf Erding, Babybilder Mauern\" src=\"https:\/\/sevikoch.de\/wp-content\/uploads\/2018\/02\/es-14.jpg\" alt=\"Babyfotograf Landshut, Storytelling Familienfotografie\" \/><br \/>\n<img decoding=\"async\" title=\"Nat\u00fcrliche Babyfotos Landshut, Sevi Koch, homestory Landshut, Babybilder Moosburg, Babyfotograf Erding, Babybilder Mauern\" src=\"https:\/\/sevikoch.de\/wp-content\/uploads\/2018\/02\/es-40.jpg\" alt=\"Babyfotograf Landshut, Storytelling Familienfotografie\" \/><br \/>\n<img decoding=\"async\" title=\"Nat\u00fcrliche Babyfotos Landshut, Sevi Koch, homestory Landshut, Babybilder Moosburg, Babyfotograf Erding, Babybilder Mauern\" src=\"https:\/\/sevikoch.de\/wp-content\/uploads\/2018\/02\/es-44.jpg\" alt=\"Babyfotograf Landshut, Storytelling Familienfotografie\" \/><\/p>\n<p><img decoding=\"async\" title=\"Nat\u00fcrliche Babyfotos Landshut, Sevi Koch, homestory Landshut, Babybilder Moosburg, Babyfotograf Erding, Babybilder Mauern\" src=\"https:\/\/sevikoch.de\/wp-content\/uploads\/2018\/02\/es-82.jpg\" alt=\"Babyfotograf Landshut, Storytelling Familienfotografie\" \/><br \/>\n<img decoding=\"async\" title=\"Nat\u00fcrliche Babyfotos Landshut, Sevi Koch, homestory Landshut, Babybilder Moosburg, Babyfotograf Erding, Babybilder Mauern\" src=\"https:\/\/sevikoch.de\/wp-content\/uploads\/2018\/02\/es-4sw.jpg\" alt=\"Babyfotograf Landshut, Storytelling Familienfotografie\" \/><br \/>\n<img decoding=\"async\" title=\"Nat\u00fcrliche Babyfotos Landshut, Sevi Koch, homestory Landshut, Babybilder Moosburg, Babyfotograf Erding, Babybilder Mauern\" src=\"https:\/\/sevikoch.de\/wp-content\/uploads\/2018\/02\/es-29.jpg\" alt=\"Babyfotograf Landshut, Storytelling Familienfotografie\" \/><br \/>\n<img decoding=\"async\" title=\"Nat\u00fcrliche Babyfotos Landshut, Sevi Koch, homestory Landshut, Babybilder Moosburg, Babyfotograf Erding, Babybilder Mauern\" src=\"https:\/\/sevikoch.de\/wp-content\/uploads\/2018\/02\/es-27.jpg\" alt=\"Babyfotograf Landshut, Storytelling Familienfotografie\" \/><br \/>\n<img decoding=\"async\" title=\"Nat\u00fcrliche Babyfotos Landshut, Sevi Koch, homestory Landshut, Babybilder Moosburg, Babyfotograf Erding, Babybilder Mauern\" src=\"https:\/\/sevikoch.de\/wp-content\/uploads\/2018\/02\/es-76.jpg\" alt=\"Babyfotograf Landshut, Storytelling Familienfotografie\" \/><br \/>\n<img decoding=\"async\" title=\"Nat\u00fcrliche Babyfotos Landshut, Sevi Koch, homestory Landshut, Babybilder Moosburg, Babyfotograf Erding, Babybilder Mauern\" src=\"https:\/\/sevikoch.de\/wp-content\/uploads\/2018\/02\/es-62.jpg\" alt=\"Babyfotograf Landshut, Storytelling Familienfotografie\" \/><br \/>\n<img decoding=\"async\" title=\"Nat\u00fcrliche Babyfotos Landshut, Sevi Koch, homestory Landshut, Babybilder Moosburg, Babyfotograf Erding, Babybilder Mauern\" src=\"https:\/\/sevikoch.de\/wp-content\/uploads\/2018\/02\/es-56.jpg\" alt=\"Babyfotograf Landshut, Storytelling Familienfotografie\" \/><br \/>\n<img decoding=\"async\" title=\"Nat\u00fcrliche Babyfotos Landshut, Sevi Koch, homestory Landshut, Babybilder Moosburg, Babyfotograf Erding, Babybilder Mauern\" src=\"https:\/\/sevikoch.de\/wp-content\/uploads\/2018\/02\/es-47.jpg\" alt=\"Babyfotograf Landshut, Storytelling Familienfotografie\" \/><br \/>\n<img decoding=\"async\" title=\"Nat\u00fcrliche Babyfotos Landshut, Sevi Koch, homestory Landshut, Babybilder Moosburg, Babyfotograf Erding, Babybilder Mauern\" src=\"https:\/\/sevikoch.de\/wp-content\/uploads\/2018\/02\/es-79.jpg\" alt=\"Babyfotograf Landshut, Storytelling Familienfotografie\" \/><br \/>\n<img decoding=\"async\" title=\"Nat\u00fcrliche Babyfotos Landshut, Sevi Koch, homestory Landshut, Babybilder Moosburg, Babyfotograf Erding, Babybilder Mauern\" src=\"https:\/\/sevikoch.de\/wp-content\/uploads\/2018\/02\/es-91.jpg\" alt=\"Babyfotograf Landshut, Storytelling Familienfotografie\" \/><br \/>\n<img decoding=\"async\" title=\"Nat\u00fcrliche Babyfotos Landshut, Sevi Koch, homestory Landshut, Babybilder Moosburg, Babyfotograf Erding, Babybilder Mauern\" src=\"https:\/\/sevikoch.de\/wp-content\/uploads\/2018\/02\/es-8.jpg\" alt=\"Babyfotograf Landshut, Storytelling Familienfotografie\" \/><br \/>\n<img decoding=\"async\" title=\"Nat\u00fcrliche Babyfotos Landshut, Sevi Koch, homestory Landshut, Babybilder Moosburg, Babyfotograf Erding, Babybilder Mauern\" src=\"https:\/\/sevikoch.de\/wp-content\/uploads\/2018\/02\/es-2.jpg\" alt=\"Babyfotograf Landshut, Storytelling Familienfotografie\" \/><br \/>\n<img decoding=\"async\" title=\"Nat\u00fcrliche Babyfotos Landshut, Sevi Koch, homestory Landshut, Babybilder Moosburg, Babyfotograf Erding, Babybilder Mauern\" src=\"https:\/\/sevikoch.de\/wp-content\/uploads\/2018\/02\/es-26.jpg\" alt=\"Babyfotograf Landshut, Storytelling Familienfotografie\" \/><br \/>\n<img decoding=\"async\" title=\"Nat\u00fcrliche Babyfotos Landshut, Sevi Koch, homestory Landshut, Babybilder Moosburg, Babyfotograf Erding, Babybilder Mauern\" src=\"https:\/\/sevikoch.de\/wp-content\/uploads\/2018\/02\/es-48.jpg\" alt=\"Babyfotograf Landshut, Storytelling Familienfotografie\" \/><br \/>\n<img decoding=\"async\" title=\"Nat\u00fcrliche Babyfotos Landshut, Sevi Koch, homestory Landshut, Babybilder Moosburg, Babyfotograf Erding, Babybilder Mauern\" src=\"https:\/\/sevikoch.de\/wp-content\/uploads\/2018\/02\/es-42sw.jpg\" alt=\"Babyfotograf Landshut, Storytelling Familienfotografie\" \/><br \/>\n<img decoding=\"async\" title=\"Nat\u00fcrliche Babyfotos Landshut, Sevi Koch, homestory Landshut, Babybilder Moosburg, Babyfotograf Erding, Babybilder Mauern\" src=\"https:\/\/sevikoch.de\/wp-content\/uploads\/2018\/02\/es-109.jpg\" alt=\"Babyfotograf Landshut, Storytelling Familienfotografie\" \/><br \/>\n<img decoding=\"async\" title=\"Nat\u00fcrliche Babyfotos Landshut, Sevi Koch, homestory Landshut, Babybilder Moosburg, Babyfotograf Erding, Babybilder Mauern\" src=\"https:\/\/sevikoch.de\/wp-content\/uploads\/2018\/02\/es-108.jpg\" alt=\"Babyfotograf Landshut, Storytelling Familienfotografie\" \/><a href=\"https:\/\/sevikoch.de\/wp-content\/uploads\/2018\/02\/es-94.jpg\"><img loading=\"lazy\" decoding=\"async\" class=\"alignnone size-full wp-image-12934\" src=\"https:\/\/sevikoch.de\/wp-content\/uploads\/2018\/02\/es-94.jpg\" alt=\"\" width=\"1500\" height=\"2247\" srcset=\"https:\/\/sevikoch.de\/wp-content\/uploads\/2018\/02\/es-94.jpg 1500w, https:\/\/sevikoch.de\/wp-content\/uploads\/2018\/02\/es-94-200x300.jpg 200w, https:\/\/sevikoch.de\/wp-content\/uploads\/2018\/02\/es-94-768x1150.jpg 768w, https:\/\/sevikoch.de\/wp-content\/uploads\/2018\/02\/es-94-684x1024.jpg 684w, https:\/\/sevikoch.de\/wp-content\/uploads\/2018\/02\/es-94-50x75.jpg 50w\" sizes=\"auto, (max-width: 1500px) 100vw, 1500px\" \/><\/a><br \/>\n<img decoding=\"async\" title=\"Nat\u00fcrliche Babyfotos Landshut, Sevi Koch, homestory Landshut, Babybilder Moosburg, Babyfotograf Erding, Babybilder Mauern\" src=\"https:\/\/sevikoch.de\/wp-content\/uploads\/2018\/02\/es-101.jpg\" alt=\"Babyfotograf Landshut, Storytelling Familienfotografie\" \/><br \/>\n<img decoding=\"async\" title=\"Nat\u00fcrliche Babyfotos Landshut, Sevi Koch, homestory Landshut, Babybilder Moosburg, Babyfotograf Erding, Babybilder Mauern\" src=\"https:\/\/sevikoch.de\/wp-content\/uploads\/2018\/02\/es-116.jpg\" alt=\"Babyfotograf Landshut, Storytelling Familienfotografie\" \/><\/p>\n<p><img decoding=\"async\" title=\"Nat\u00fcrliche Babyfotos Landshut, Sevi Koch, homestory Landshut, Babybilder Moosburg, Babyfotograf Erding, Babybilder Mauern\" src=\"https:\/\/sevikoch.de\/wp-content\/uploads\/2018\/02\/es-124.jpg\" alt=\"Babyfotograf Landshut, Storytelling Familienfotografie\" \/><a href=\"https:\/\/sevikoch.de\/wp-content\/uploads\/2018\/02\/es-130.jpg\"><img loading=\"lazy\" decoding=\"async\" class=\"alignnone size-full wp-image-12897\" src=\"https:\/\/sevikoch.de\/wp-content\/uploads\/2018\/02\/es-130.jpg\" alt=\"\" width=\"1500\" height=\"1123\" srcset=\"https:\/\/sevikoch.de\/wp-content\/uploads\/2018\/02\/es-130.jpg 1500w, https:\/\/sevikoch.de\/wp-content\/uploads\/2018\/02\/es-130-300x225.jpg 300w, https:\/\/sevikoch.de\/wp-content\/uploads\/2018\/02\/es-130-768x575.jpg 768w, https:\/\/sevikoch.de\/wp-content\/uploads\/2018\/02\/es-130-1024x767.jpg 1024w, https:\/\/sevikoch.de\/wp-content\/uploads\/2018\/02\/es-130-50x37.jpg 50w\" sizes=\"auto, (max-width: 1500px) 100vw, 1500px\" \/><\/a><br \/>\n<img decoding=\"async\" title=\"Nat\u00fcrliche Babyfotos Landshut, Sevi Koch, homestory Landshut, Babybilder Moosburg, Babyfotograf Erding, Babybilder Mauern\" src=\"https:\/\/sevikoch.de\/wp-content\/uploads\/2018\/02\/es-96.jpg\" alt=\"Babyfotograf Landshut, Storytelling Familienfotografie\" \/><br \/>\n<img decoding=\"async\" title=\"Nat\u00fcrliche Babyfotos Landshut, Sevi Koch, homestory Landshut, Babybilder Moosburg, Babyfotograf Erding, Babybilder Mauern\" src=\"https:\/\/sevikoch.de\/wp-content\/uploads\/2018\/02\/es-127.jpg\" alt=\"Babyfotograf Landshut, Storytelling Familienfotografie\" \/><br \/>\n<img decoding=\"async\" title=\"Nat\u00fcrliche Babyfotos Landshut, Sevi Koch, homestory Landshut, Babybilder Moosburg, Babyfotograf Erding, Babybilder Mauern\" src=\"https:\/\/sevikoch.de\/wp-content\/uploads\/2018\/02\/es-114.jpg\" alt=\"Babyfotograf Landshut, Storytelling Familienfotografie\" \/><br \/>\n<img decoding=\"async\" title=\"Nat\u00fcrliche Babyfotos Landshut, Sevi Koch, homestory Landshut, Babybilder Moosburg, Babyfotograf Erding, Babybilder Mauern\" src=\"https:\/\/sevikoch.de\/wp-content\/uploads\/2018\/02\/es-118.jpg\" alt=\"Babyfotograf Landshut, Storytelling Familienfotografie\" \/><br \/>\n<img decoding=\"async\" title=\"Nat\u00fcrliche Babyfotos Landshut, Sevi Koch, homestory Landshut, Babybilder Moosburg, Babyfotograf Erding, Babybilder Mauern\" src=\"https:\/\/sevikoch.de\/wp-content\/uploads\/2018\/02\/es-102.jpg\" alt=\"Babyfotograf Landshut, Storytelling Familienfotografie\" \/><br \/>\n<img decoding=\"async\" title=\"Nat\u00fcrliche Babyfotos Landshut, Sevi Koch, homestory Landshut, Babybilder Moosburg, Babyfotograf Erding, Babybilder Mauern\" src=\"https:\/\/sevikoch.de\/wp-content\/uploads\/2018\/02\/es-107.jpg\" alt=\"Babyfotograf Landshut, Storytelling Familienfotografie\" \/><br \/>\n<img decoding=\"async\" title=\"Nat\u00fcrliche Babyfotos Landshut, Sevi Koch, homestory Landshut, Babybilder Moosburg, Babyfotograf Erding, Babybilder Mauern\" src=\"https:\/\/sevikoch.de\/wp-content\/uploads\/2018\/02\/es-149.jpg\" alt=\"Babyfotograf Landshut, Storytelling Familienfotografie\" \/><br \/>\n<img decoding=\"async\" title=\"Nat\u00fcrliche Babyfotos Landshut, Sevi Koch, homestory Landshut, Babybilder Moosburg, Babyfotograf Erding, Babybilder Mauern\" src=\"https:\/\/sevikoch.de\/wp-content\/uploads\/2018\/02\/es-151.jpg\" alt=\"Babyfotograf Landshut, Storytelling Familienfotografie\" \/><br \/>\n<img decoding=\"async\" title=\"Nat\u00fcrliche Babyfotos Landshut, Sevi Koch, homestory Landshut, Babybilder Moosburg, Babyfotograf Erding, Babybilder Mauern\" src=\"https:\/\/sevikoch.de\/wp-content\/uploads\/2018\/02\/es-147.jpg\" alt=\"Babyfotograf Landshut, Storytelling Familienfotografie\" \/><br \/>\n<img decoding=\"async\" title=\"Nat\u00fcrliche Babyfotos Landshut, Sevi Koch, homestory Landshut, Babybilder Moosburg, Babyfotograf Erding, Babybilder Mauern\" src=\"https:\/\/sevikoch.de\/wp-content\/uploads\/2018\/02\/es-136.jpg\" alt=\"Babyfotograf Landshut, Storytelling Familienfotografie\" \/><br \/>\n<img decoding=\"async\" title=\"Nat\u00fcrliche Babyfotos Landshut, Sevi Koch, homestory Landshut, Babybilder Moosburg, Babyfotograf Erding, Babybilder Mauern\" src=\"https:\/\/sevikoch.de\/wp-content\/uploads\/2018\/02\/es-138.jpg\" alt=\"Babyfotograf Landshut, Storytelling Familienfotografie\" \/><br \/>\n<img decoding=\"async\" title=\"Nat\u00fcrliche Babyfotos Landshut, Sevi Koch, homestory Landshut, Babybilder Moosburg, Babyfotograf Erding, Babybilder Mauern\" src=\"https:\/\/sevikoch.de\/wp-content\/uploads\/2018\/02\/es-145.jpg\" alt=\"Babyfotograf Landshut, Storytelling Familienfotografie\" \/><br \/>\n<img decoding=\"async\" title=\"Nat\u00fcrliche Babyfotos Landshut, Sevi Koch, homestory Landshut, Babybilder Moosburg, Babyfotograf Erding, Babybilder Mauern\" src=\"https:\/\/sevikoch.de\/wp-content\/uploads\/2018\/02\/es-137.jpg\" alt=\"Babyfotograf Landshut, Storytelling Familienfotografie\" \/><br \/>\n<img decoding=\"async\" title=\"Nat\u00fcrliche Babyfotos Landshut, Sevi Koch, homestory Landshut, Babybilder Moosburg, Babyfotograf Erding, Babybilder Mauern\" src=\"https:\/\/sevikoch.de\/wp-content\/uploads\/2018\/02\/es-129.jpg\" alt=\"Babyfotograf Landshut, Storytelling Familienfotografie\" \/><\/p>\n","protected":false},"excerpt":{"rendered":"<p>Wie lange habe ich mir das schon gew\u00fcnscht&#8230;. &nbsp; Als Fotograf gibt es einiges, was man so gerne begleiten w\u00fcrde. Ein gro\u00dfer Wunsch von mir war es, ein Neugeborenes beim Baden zu begleiten und zu erleben, wie wohl es sich von der ersten Sekunde an im Wasser f\u00fchlt. Ich habe mich so gefreut, dass ich...<\/p>\n","protected":false},"author":1,"featured_media":12909,"comment_status":"open","ping_status":"open","sticky":false,"template":"","format":"standard","meta":{"_exactmetrics_skip_tracking":false,"_exactmetrics_sitenote_active":false,"_exactmetrics_sitenote_note":"","_exactmetrics_sitenote_category":0,"pp_embeds":"","footnotes":""},"categories":[378,32,401],"tags":[569,475,80,175,567,371,572,421,429,566,570,22,571,568],"class_list":["post-12889","post","type-post","status-publish","format-standard","has-post-thumbnail","hentry","category-lifestyle","category-neues-im-blog","category-newborn","tag-coach-sevi-koch","tag-fotograf-dachau","tag-fotograf-erding","tag-fotograf-moosburg-an-der-isar","tag-fotografin-bayern","tag-hebamme-landshut","tag-kinderbilder-freising","tag-kinderbilder-landshut","tag-natuerliche-babyfotografie","tag-neugeborenenbad","tag-real-life-fotografie","tag-sevi-koch","tag-storytelling-fotograf-landshut","tag-tageslicht-fotografie"],"_links":{"self":[{"href":"https:\/\/sevikoch.de\/index.php\/wp-json\/wp\/v2\/posts\/12889","targetHints":{"allow":["GET"]}}],"collection":[{"href":"https:\/\/sevikoch.de\/index.php\/wp-json\/wp\/v2\/posts"}],"about":[{"href":"https:\/\/sevikoch.de\/index.php\/wp-json\/wp\/v2\/types\/post"}],"author":[{"embeddable":true,"href":"https:\/\/sevikoch.de\/index.php\/wp-json\/wp\/v2\/users\/1"}],"replies":[{"embeddable":true,"href":"https:\/\/sevikoch.de\/index.php\/wp-json\/wp\/v2\/comments?post=12889"}],"version-history":[{"count":3,"href":"https:\/\/sevikoch.de\/index.php\/wp-json\/wp\/v2\/posts\/12889\/revisions"}],"predecessor-version":[{"id":12940,"href":"https:\/\/sevikoch.de\/index.php\/wp-json\/wp\/v2\/posts\/12889\/revisions\/12940"}],"wp:featuredmedia":[{"embeddable":true,"href":"https:\/\/sevikoch.de\/index.php\/wp-json\/wp\/v2\/media\/12909"}],"wp:attachment":[{"href":"https:\/\/sevikoch.de\/index.php\/wp-json\/wp\/v2\/media?parent=12889"}],"wp:term":[{"taxonomy":"category","embeddable":true,"href":"https:\/\/sevikoch.de\/index.php\/wp-json\/wp\/v2\/categories?post=12889"},{"taxonomy":"post_tag","embeddable":true,"href":"https:\/\/sevikoch.de\/index.php\/wp-json\/wp\/v2\/tags?post=12889"}],"curies":[{"name":"wp","href":"https:\/\/api.w.org\/{rel}","templated":true}]}}