{"id":11472,"date":"2017-06-23T16:04:03","date_gmt":"2017-06-23T15:04:03","guid":{"rendered":"https:\/\/sevikoch.de\/?p=11472"},"modified":"2017-06-23T16:04:03","modified_gmt":"2017-06-23T15:04:03","slug":"traumhochzeit-unter-freiem-himmel-hochzeitsfotograf-landshut-sevi-koch","status":"publish","type":"post","link":"https:\/\/sevikoch.de\/index.php\/traumhochzeit-unter-freiem-himmel-hochzeitsfotograf-landshut-sevi-koch\/","title":{"rendered":"Traumhochzeit unter freiem Himmel &#8211; Hochzeitsfotograf Landshut &#8211; Sevi Koch"},"content":{"rendered":"<p>Karyna &amp; Daniel<\/p>\n<p>Eine absolute Traumhochzeit durfte ich auf der Schlossinsel in Altraunhofen miterleben. Eine Hochzeit, auf der man sich definitv nicht als Dienstleister sondern als Gast, Augenzeuge vieler vieler wundervoller Momente und einfach nur sehr wohl f\u00fchlen durfte.<\/p>\n<p>Eine Hochzeit unter freiem Himmel &#8211; Jede Menge Platz f\u00fcr Emotionen und Gef\u00fchle.<\/p>\n<p>Von A bis Z wurde alles so liebevoll und so unglaublich pers\u00f6nlich vorbereitet. Die Trauung war eine wundersch\u00f6ne freie Trauung, die ich sicher nicht vergessen werde. Es war so r\u00fchrend, zu h\u00f6ren, wie sich die beiden kennen lernten und schlie\u00dflich ihren Weg gemeinsam gingen.<\/p>\n<p>In Worte zu fassen, wie sch\u00f6n diese Trauung war, f\u00e4llt mir schwer. Deshalb erz\u00e4hle ich es auf meine Weise &#8211; Mit Bildern:<\/p>\n<p><img decoding=\"async\" title=\"Hochzeitsfotograf-Erding-Moosburg-SeviKoch\" src=\"https:\/\/sevikoch.de\/wp-content\/uploads\/2017\/06\/kd-1-2.jpg\" alt=\"Hochzeitsfotograf-Landshut\" \/><br \/>\n<img decoding=\"async\" title=\"Hochzeitsfotograf-Erding-Moosburg-SeviKoch\" src=\"https:\/\/sevikoch.de\/wp-content\/uploads\/2017\/06\/kd-14-1.jpg\" alt=\"Hochzeitsfotograf-Landshut\" \/><br \/>\n<img decoding=\"async\" title=\"Hochzeitsfotograf-Erding-Moosburg-SeviKoch\" src=\"https:\/\/sevikoch.de\/wp-content\/uploads\/2017\/06\/kd-16-1.jpg\" alt=\"Hochzeitsfotograf-Landshut\" \/><br \/>\n<img decoding=\"async\" title=\"Hochzeitsfotograf-Erding-Moosburg-SeviKoch\" src=\"https:\/\/sevikoch.de\/wp-content\/uploads\/2017\/06\/kd-2-1.jpg\" alt=\"Hochzeitsfotograf-Landshut\" \/><br \/>\n<img decoding=\"async\" title=\"Hochzeitsfotograf-Erding-Moosburg-SeviKoch\" src=\"https:\/\/sevikoch.de\/wp-content\/uploads\/2017\/06\/kd-13-1.jpg\" alt=\"Hochzeitsfotograf-Landshut\" \/><br \/>\n<img decoding=\"async\" title=\"Hochzeitsfotograf-Erding-Moosburg-SeviKoch\" src=\"https:\/\/sevikoch.de\/wp-content\/uploads\/2017\/06\/kd-21-1.jpg\" alt=\"Hochzeitsfotograf-Landshut\" \/><br \/>\n<img decoding=\"async\" title=\"Hochzeitsfotograf-Erding-Moosburg-SeviKoch\" src=\"https:\/\/sevikoch.de\/wp-content\/uploads\/2017\/06\/kd-10-2.jpg\" alt=\"Hochzeitsfotograf-Landshut\" \/><br \/>\n<img decoding=\"async\" title=\"Hochzeitsfotograf-Erding-Moosburg-SeviKoch\" src=\"https:\/\/sevikoch.de\/wp-content\/uploads\/2017\/06\/kd-24-1.jpg\" alt=\"Hochzeitsfotograf-Landshut\" \/><br \/>\n<img decoding=\"async\" title=\"Hochzeitsfotograf-Erding-Moosburg-SeviKoch\" src=\"https:\/\/sevikoch.de\/wp-content\/uploads\/2017\/06\/kd-26-1.jpg\" alt=\"Hochzeitsfotograf-Landshut\" \/><br \/>\n<img decoding=\"async\" title=\"Hochzeitsfotograf-Erding-Moosburg-SeviKoch\" src=\"https:\/\/sevikoch.de\/wp-content\/uploads\/2017\/06\/kd-19-1.jpg\" alt=\"Hochzeitsfotograf-Landshut\" \/><br \/>\n<img decoding=\"async\" title=\"Hochzeitsfotograf-Erding-Moosburg-SeviKoch\" src=\"https:\/\/sevikoch.de\/wp-content\/uploads\/2017\/06\/kd-29-1.jpg\" alt=\"Hochzeitsfotograf-Landshut\" \/><br \/>\n<img decoding=\"async\" title=\"Hochzeitsfotograf-Erding-Moosburg-SeviKoch\" src=\"https:\/\/sevikoch.de\/wp-content\/uploads\/2017\/06\/kd-32-1.jpg\" alt=\"Hochzeitsfotograf-Landshut\" \/><br \/>\n<img decoding=\"async\" title=\"Hochzeitsfotograf-Erding-Moosburg-SeviKoch\" src=\"https:\/\/sevikoch.de\/wp-content\/uploads\/2017\/06\/kd-36-1.jpg\" alt=\"Hochzeitsfotograf-Landshut\" \/><br \/>\n<img decoding=\"async\" title=\"Hochzeitsfotograf-Erding-Moosburg-SeviKoch\" src=\"https:\/\/sevikoch.de\/wp-content\/uploads\/2017\/06\/kd-46-1.jpg\" alt=\"Hochzeitsfotograf-Landshut\" \/><br \/>\n<img decoding=\"async\" title=\"Hochzeitsfotograf-Erding-Moosburg-SeviKoch\" src=\"https:\/\/sevikoch.de\/wp-content\/uploads\/2017\/06\/kd-31-1.jpg\" alt=\"Hochzeitsfotograf-Landshut\" \/><br \/>\n<img decoding=\"async\" title=\"Hochzeitsfotograf-Erding-Moosburg-SeviKoch\" src=\"https:\/\/sevikoch.de\/wp-content\/uploads\/2017\/06\/kd-42-1.jpg\" alt=\"Hochzeitsfotograf-Landshut\" \/><br \/>\n<img decoding=\"async\" title=\"Hochzeitsfotograf-Erding-Moosburg-SeviKoch\" src=\"https:\/\/sevikoch.de\/wp-content\/uploads\/2017\/06\/kd-27-1.jpg\" alt=\"Hochzeitsfotograf-Landshut\" \/><br \/>\n<img decoding=\"async\" title=\"Hochzeitsfotograf-Erding-Moosburg-SeviKoch\" src=\"https:\/\/sevikoch.de\/wp-content\/uploads\/2017\/06\/kd-45-1.jpg\" alt=\"Hochzeitsfotograf-Landshut\" \/><br \/>\n<img decoding=\"async\" title=\"Hochzeitsfotograf-Erding-Moosburg-SeviKoch\" src=\"https:\/\/sevikoch.de\/wp-content\/uploads\/2017\/06\/kd-4-1.jpg\" alt=\"Hochzeitsfotograf-Landshut\" \/><br \/>\n<img decoding=\"async\" title=\"Hochzeitsfotograf-Erding-Moosburg-SeviKoch\" src=\"https:\/\/sevikoch.de\/wp-content\/uploads\/2017\/06\/kd-50-1.jpg\" alt=\"Hochzeitsfotograf-Landshut\" \/><br \/>\n<img decoding=\"async\" title=\"Hochzeitsfotograf-Erding-Moosburg-SeviKoch\" src=\"https:\/\/sevikoch.de\/wp-content\/uploads\/2017\/06\/kd-40-1.jpg\" alt=\"Hochzeitsfotograf-Landshut\" \/><br \/>\n<img decoding=\"async\" title=\"Hochzeitsfotograf-Erding-Moosburg-SeviKoch\" src=\"https:\/\/sevikoch.de\/wp-content\/uploads\/2017\/06\/kd-43-1.jpg\" alt=\"Hochzeitsfotograf-Landshut\" \/><br \/>\n<img decoding=\"async\" title=\"Hochzeitsfotograf-Erding-Moosburg-SeviKoch\" src=\"https:\/\/sevikoch.de\/wp-content\/uploads\/2017\/06\/kd-49-1.jpg\" alt=\"Hochzeitsfotograf-Landshut\" \/><br \/>\n<img decoding=\"async\" title=\"Hochzeitsfotograf-Erding-Moosburg-SeviKoch\" src=\"https:\/\/sevikoch.de\/wp-content\/uploads\/2017\/06\/kd-59-1.jpg\" alt=\"Hochzeitsfotograf-Landshut\" \/><br \/>\n<img decoding=\"async\" title=\"Hochzeitsfotograf-Erding-Moosburg-SeviKoch\" src=\"https:\/\/sevikoch.de\/wp-content\/uploads\/2017\/06\/kd-55-1.jpg\" alt=\"Hochzeitsfotograf-Landshut\" \/><br \/>\n<img decoding=\"async\" title=\"Hochzeitsfotograf-Erding-Moosburg-SeviKoch\" src=\"https:\/\/sevikoch.de\/wp-content\/uploads\/2017\/06\/kd-62-1.jpg\" alt=\"Hochzeitsfotograf-Landshut\" \/><br \/>\n<img decoding=\"async\" title=\"Hochzeitsfotograf-Erding-Moosburg-SeviKoch\" src=\"https:\/\/sevikoch.de\/wp-content\/uploads\/2017\/06\/kd-6-1.jpg\" alt=\"Hochzeitsfotograf-Landshut\" \/><br \/>\n<img decoding=\"async\" title=\"Hochzeitsfotograf-Erding-Moosburg-SeviKoch\" src=\"https:\/\/sevikoch.de\/wp-content\/uploads\/2017\/06\/kd-53-1.jpg\" alt=\"Hochzeitsfotograf-Landshut\" \/><br \/>\n<img decoding=\"async\" title=\"Hochzeitsfotograf-Erding-Moosburg-SeviKoch\" src=\"https:\/\/sevikoch.de\/wp-content\/uploads\/2017\/06\/kd-64-1.jpg\" alt=\"Hochzeitsfotograf-Landshut\" \/><br \/>\n<img decoding=\"async\" title=\"Hochzeitsfotograf-Erding-Moosburg-SeviKoch\" src=\"https:\/\/sevikoch.de\/wp-content\/uploads\/2017\/06\/kd-65-1.jpg\" alt=\"Hochzeitsfotograf-Landshut\" \/><br \/>\n<img decoding=\"async\" title=\"Hochzeitsfotograf-Erding-Moosburg-SeviKoch\" src=\"https:\/\/sevikoch.de\/wp-content\/uploads\/2017\/06\/kd-34-1.jpg\" alt=\"Hochzeitsfotograf-Landshut\" \/><br \/>\n<img decoding=\"async\" title=\"Hochzeitsfotograf-Erding-Moosburg-SeviKoch\" src=\"https:\/\/sevikoch.de\/wp-content\/uploads\/2017\/06\/kd-63-1.jpg\" alt=\"Hochzeitsfotograf-Landshut\" \/><br \/>\n<img decoding=\"async\" title=\"Hochzeitsfotograf-Erding-Moosburg-SeviKoch\" src=\"https:\/\/sevikoch.de\/wp-content\/uploads\/2017\/06\/kd-75-1.jpg\" alt=\"Hochzeitsfotograf-Landshut\" \/><br \/>\n<img decoding=\"async\" title=\"Hochzeitsfotograf-Erding-Moosburg-SeviKoch\" src=\"https:\/\/sevikoch.de\/wp-content\/uploads\/2017\/06\/kd-70-1.jpg\" alt=\"Hochzeitsfotograf-Landshut\" \/><br \/>\n<img decoding=\"async\" title=\"Hochzeitsfotograf-Erding-Moosburg-SeviKoch\" src=\"https:\/\/sevikoch.de\/wp-content\/uploads\/2017\/06\/kd-71-1.jpg\" alt=\"Hochzeitsfotograf-Landshut\" \/><br \/>\n<img decoding=\"async\" title=\"Hochzeitsfotograf-Erding-Moosburg-SeviKoch\" src=\"https:\/\/sevikoch.de\/wp-content\/uploads\/2017\/06\/kd-8-1.jpg\" alt=\"Hochzeitsfotograf-Landshut\" \/><br \/>\n<img decoding=\"async\" title=\"Hochzeitsfotograf-Schlossinsel-Landshut-SeviKoch\" src=\"https:\/\/sevikoch.de\/wp-content\/uploads\/2017\/06\/Hochzeitsfotograf-Bayern-1.jpg\" alt=\"Hochzeitsfotograf-Freising\" \/><br \/>\n<img decoding=\"async\" title=\"Hochzeitsfotograf-Schlossinsel-Landshut-SeviKoch\" src=\"https:\/\/sevikoch.de\/wp-content\/uploads\/2017\/06\/Hochzeitsfotograf-Bayern-2.jpg\" alt=\"Hochzeitsfotograf-Freising\" \/><br \/>\n<img decoding=\"async\" title=\"Hochzeitsfotograf-Schlossinsel-Landshut-SeviKoch\" src=\"https:\/\/sevikoch.de\/wp-content\/uploads\/2017\/06\/Hochzeitsfotograf-Bayern-9.jpg\" alt=\"Hochzeitsfotograf-Freising\" \/><br \/>\n<img decoding=\"async\" title=\"Hochzeitsfotograf-Schlossinsel-Landshut-SeviKoch\" src=\"https:\/\/sevikoch.de\/wp-content\/uploads\/2017\/06\/Hochzeitsfotograf-Bayern-86.jpg\" alt=\"Hochzeitsfotograf-Freising\" \/><br \/>\n<img decoding=\"async\" title=\"Hochzeitsfotograf-Schlossinsel-Landshut-SeviKoch\" src=\"https:\/\/sevikoch.de\/wp-content\/uploads\/2017\/06\/Hochzeitsfotograf-Bayern-78.jpg\" alt=\"Hochzeitsfotograf-Freising\" \/><br \/>\n<img decoding=\"async\" title=\"Hochzeitsfotograf-Schlossinsel-Landshut-SeviKoch\" src=\"https:\/\/sevikoch.de\/wp-content\/uploads\/2017\/06\/Hochzeitsfotograf-Bayern-99.jpg\" alt=\"Hochzeitsfotograf-Freising\" \/><br \/>\n<img decoding=\"async\" title=\"Hochzeitsfotograf-Schlossinsel-Landshut-SeviKoch\" src=\"https:\/\/sevikoch.de\/wp-content\/uploads\/2017\/06\/Hochzeitsfotograf-Bayern-65.jpg\" alt=\"Hochzeitsfotograf-Freising\" \/><br \/>\n<img decoding=\"async\" title=\"Hochzeitsfotograf-Schlossinsel-Landshut-SeviKoch\" src=\"https:\/\/sevikoch.de\/wp-content\/uploads\/2017\/06\/Hochzeitsfotograf-Bayern-105.jpg\" alt=\"Hochzeitsfotograf-Freising\" \/><br \/>\n<img decoding=\"async\" title=\"Hochzeitsfotograf-Schlossinsel-Landshut-SeviKoch\" src=\"https:\/\/sevikoch.de\/wp-content\/uploads\/2017\/06\/Hochzeitsfotograf-Bayern-115.jpg\" alt=\"Hochzeitsfotograf-Freising\" \/><br \/>\n<img decoding=\"async\" title=\"Hochzeitsfotograf-Schlossinsel-Landshut-SeviKoch\" src=\"https:\/\/sevikoch.de\/wp-content\/uploads\/2017\/06\/Hochzeitsfotograf-Bayern-119.jpg\" alt=\"Hochzeitsfotograf-Freising\" \/><br \/>\n<img decoding=\"async\" title=\"Hochzeitsfotograf-Schlossinsel-Landshut-SeviKoch\" src=\"https:\/\/sevikoch.de\/wp-content\/uploads\/2017\/06\/Hochzeitsfotograf-Bayern-124.jpg\" alt=\"Hochzeitsfotograf-Freising\" \/><br \/>\n<img decoding=\"async\" title=\"Hochzeitsfotograf-Schlossinsel-Landshut-SeviKoch\" src=\"https:\/\/sevikoch.de\/wp-content\/uploads\/2017\/06\/Hochzeitsfotograf-Bayern-125.jpg\" alt=\"Hochzeitsfotograf-Freising\" \/><br \/>\n<img decoding=\"async\" title=\"Hochzeitsfotograf-Schlossinsel-Landshut-SeviKoch\" src=\"https:\/\/sevikoch.de\/wp-content\/uploads\/2017\/06\/Hochzeitsfotograf-Bayern-127.jpg\" alt=\"Hochzeitsfotograf-Freising\" \/><br \/>\n<img decoding=\"async\" title=\"Hochzeitsfotograf-Schlossinsel-Landshut-SeviKoch\" src=\"https:\/\/sevikoch.de\/wp-content\/uploads\/2017\/06\/Hochzeitsfotograf-Bayern-14.jpg\" alt=\"Hochzeitsfotograf-Freising\" \/><br \/>\n<img decoding=\"async\" title=\"Hochzeitsfotograf-Schlossinsel-Landshut-SeviKoch\" src=\"https:\/\/sevikoch.de\/wp-content\/uploads\/2017\/06\/Hochzeitsfotograf-Bayern-126.jpg\" alt=\"Hochzeitsfotograf-Freising\" \/><br \/>\n<img decoding=\"async\" title=\"Hochzeitsfotograf-Schlossinsel-Landshut-SeviKoch\" src=\"https:\/\/sevikoch.de\/wp-content\/uploads\/2017\/06\/Hochzeitsfotograf-Bayern-22.jpg\" alt=\"Hochzeitsfotograf-Freising\" \/><br \/>\n<img decoding=\"async\" title=\"Hochzeitsfotograf-Schlossinsel-Landshut-SeviKoch\" src=\"https:\/\/sevikoch.de\/wp-content\/uploads\/2017\/06\/Hochzeitsfotograf-Bayern-129.jpg\" alt=\"Hochzeitsfotograf-Freising\" \/><br \/>\n<img decoding=\"async\" title=\"Hochzeitsfotograf-Schlossinsel-Landshut-SeviKoch\" src=\"https:\/\/sevikoch.de\/wp-content\/uploads\/2017\/06\/Hochzeitsfotograf-Bayern-134.jpg\" alt=\"Hochzeitsfotograf-Freising\" \/><br \/>\n<img decoding=\"async\" title=\"Hochzeitsfotograf-Schlossinsel-Landshut-SeviKoch\" src=\"https:\/\/sevikoch.de\/wp-content\/uploads\/2017\/06\/Hochzeitsfotograf-Bayern-132.jpg\" alt=\"Hochzeitsfotograf-Freising\" \/><br \/>\n<img decoding=\"async\" title=\"Hochzeitsfotograf-Schlossinsel-Landshut-SeviKoch\" src=\"https:\/\/sevikoch.de\/wp-content\/uploads\/2017\/06\/Hochzeitsfotograf-Bayern-135.jpg\" alt=\"Hochzeitsfotograf-Freising\" \/><br \/>\n<img decoding=\"async\" title=\"Hochzeitsfotograf-Schlossinsel-Landshut-SeviKoch\" src=\"https:\/\/sevikoch.de\/wp-content\/uploads\/2017\/06\/Hochzeitsfotograf-Bayern-136.jpg\" alt=\"Hochzeitsfotograf-Freising\" \/><br \/>\n<img decoding=\"async\" title=\"Hochzeitsfotograf-Schlossinsel-Landshut-SeviKoch\" src=\"https:\/\/sevikoch.de\/wp-content\/uploads\/2017\/06\/Hochzeitsfotograf-Bayern-140.jpg\" alt=\"Hochzeitsfotograf-Freising\" \/><br \/>\n<img decoding=\"async\" title=\"Hochzeitsfotograf-Schlossinsel-Landshut-SeviKoch\" src=\"https:\/\/sevikoch.de\/wp-content\/uploads\/2017\/06\/Hochzeitsfotograf-Bayern-143.jpg\" alt=\"Hochzeitsfotograf-Freising\" \/><br \/>\n<img decoding=\"async\" title=\"Hochzeitsfotograf-Schlossinsel-Landshut-SeviKoch\" src=\"https:\/\/sevikoch.de\/wp-content\/uploads\/2017\/06\/Hochzeitsfotograf-Bayern-145.jpg\" alt=\"Hochzeitsfotograf-Freising\" \/><br \/>\n<img decoding=\"async\" title=\"Hochzeitsfotograf-Schlossinsel-Landshut-SeviKoch\" src=\"https:\/\/sevikoch.de\/wp-content\/uploads\/2017\/06\/Hochzeitsfotograf-Bayern-100.jpg\" alt=\"Hochzeitsfotograf-Freising\" \/><br \/>\n<img decoding=\"async\" title=\"Hochzeitsfotograf-Schlossinsel-Landshut-SeviKoch\" src=\"https:\/\/sevikoch.de\/wp-content\/uploads\/2017\/06\/Hochzeitsfotograf-Bayern-67.jpg\" alt=\"Hochzeitsfotograf-Freising\" \/><br \/>\n<img decoding=\"async\" title=\"Hochzeitsfotograf-Schlossinsel-Landshut-SeviKoch\" src=\"https:\/\/sevikoch.de\/wp-content\/uploads\/2017\/06\/Hochzeitsfotograf-Bayern-68.jpg\" alt=\"Hochzeitsfotograf-Freising\" \/><br \/>\n<img decoding=\"async\" title=\"Hochzeitsfotograf-Schlossinsel-Landshut-SeviKoch\" src=\"https:\/\/sevikoch.de\/wp-content\/uploads\/2017\/06\/Hochzeitsfotograf-Bayern-71.jpg\" alt=\"Hochzeitsfotograf-Freising\" \/><br \/>\n<img decoding=\"async\" title=\"Hochzeitsfotograf-Schlossinsel-Landshut-SeviKoch\" src=\"https:\/\/sevikoch.de\/wp-content\/uploads\/2017\/06\/Hochzeitsfotograf-Bayern-72.jpg\" alt=\"Hochzeitsfotograf-Freising\" \/><br \/>\n<img decoding=\"async\" title=\"Hochzeitsfotograf-Schlossinsel-Landshut-SeviKoch\" src=\"https:\/\/sevikoch.de\/wp-content\/uploads\/2017\/06\/Hochzeitsfotograf-Bayern-73.jpg\" alt=\"Hochzeitsfotograf-Freising\" \/><br \/>\n<img decoding=\"async\" title=\"Hochzeitsfotograf-Schlossinsel-Landshut-SeviKoch\" src=\"https:\/\/sevikoch.de\/wp-content\/uploads\/2017\/06\/Hochzeitsfotograf-Bayern-75.jpg\" alt=\"Hochzeitsfotograf-Freising\" \/><br \/>\n<img decoding=\"async\" title=\"Hochzeitsfotograf-Schlossinsel-Landshut-SeviKoch\" src=\"https:\/\/sevikoch.de\/wp-content\/uploads\/2017\/06\/Hochzeitsfotograf-Bayern-63.jpg\" alt=\"Hochzeitsfotograf-Freising\" \/><br \/>\n<img decoding=\"async\" title=\"Hochzeitsfotograf-Schlossinsel-Landshut-SeviKoch\" src=\"https:\/\/sevikoch.de\/wp-content\/uploads\/2017\/06\/Hochzeitsfotograf-Bayern-61.jpg\" alt=\"Hochzeitsfotograf-Freising\" \/><br \/>\n<img decoding=\"async\" title=\"Hochzeitsfotograf-Schlossinsel-Landshut-SeviKoch\" src=\"https:\/\/sevikoch.de\/wp-content\/uploads\/2017\/06\/Hochzeitsfotograf-Bayern-57.jpg\" alt=\"Hochzeitsfotograf-Freising\" \/><br \/>\n<img decoding=\"async\" title=\"Hochzeitsfotograf-Schlossinsel-Landshut-SeviKoch\" src=\"https:\/\/sevikoch.de\/wp-content\/uploads\/2017\/06\/Hochzeitsfotograf-Bayern-56.jpg\" alt=\"Hochzeitsfotograf-Freising\" \/><br \/>\n<img decoding=\"async\" title=\"Hochzeitsfotograf-Schlossinsel-Landshut-SeviKoch\" src=\"https:\/\/sevikoch.de\/wp-content\/uploads\/2017\/06\/Hochzeitsfotograf-Bayern-53.jpg\" alt=\"Hochzeitsfotograf-Freising\" \/><br \/>\n<img decoding=\"async\" title=\"Hochzeitsfotograf-Schlossinsel-Landshut-SeviKoch\" src=\"https:\/\/sevikoch.de\/wp-content\/uploads\/2017\/06\/Hochzeitsfotograf-Bayern-55.jpg\" alt=\"Hochzeitsfotograf-Freising\" \/><br \/>\n<img decoding=\"async\" title=\"Hochzeitsfotograf-Schlossinsel-Landshut-SeviKoch\" src=\"https:\/\/sevikoch.de\/wp-content\/uploads\/2017\/06\/Hochzeitsfotograf-Bayern-59.jpg\" alt=\"Hochzeitsfotograf-Freising\" \/><br \/>\n<img decoding=\"async\" title=\"Hochzeitsfotograf-Schlossinsel-Landshut-SeviKoch\" src=\"https:\/\/sevikoch.de\/wp-content\/uploads\/2017\/06\/Hochzeitsfotograf-Bayern-48.jpg\" alt=\"Hochzeitsfotograf-Freising\" \/><br \/>\n<img decoding=\"async\" title=\"Hochzeitsfotograf-Schlossinsel-Landshut-SeviKoch\" src=\"https:\/\/sevikoch.de\/wp-content\/uploads\/2017\/06\/Hochzeitsfotograf-Bayern-76.jpg\" alt=\"Hochzeitsfotograf-Freising\" \/><br \/>\n<img decoding=\"async\" title=\"Hochzeitsfotograf-Schlossinsel-Landshut-SeviKoch\" src=\"https:\/\/sevikoch.de\/wp-content\/uploads\/2017\/06\/Hochzeitsfotograf-Bayern-80.jpg\" alt=\"Hochzeitsfotograf-Freising\" \/><br \/>\n<img decoding=\"async\" title=\"Hochzeitsfotograf-Schlossinsel-Landshut-SeviKoch\" src=\"https:\/\/sevikoch.de\/wp-content\/uploads\/2017\/06\/Hochzeitsfotograf-Bayern-89.jpg\" alt=\"Hochzeitsfotograf-Freising\" \/><br \/>\n<img decoding=\"async\" title=\"Hochzeitsfotograf-Schlossinsel-Landshut-SeviKoch\" src=\"https:\/\/sevikoch.de\/wp-content\/uploads\/2017\/06\/Hochzeitsfotograf-Bayern-92.jpg\" alt=\"Hochzeitsfotograf-Freising\" \/><br \/>\n<img decoding=\"async\" title=\"Hochzeitsfotograf-Schlossinsel-Landshut-SeviKoch\" src=\"https:\/\/sevikoch.de\/wp-content\/uploads\/2017\/06\/Hochzeitsfotograf-Bayern-97.jpg\" alt=\"Hochzeitsfotograf-Freising\" \/><br \/>\n<img decoding=\"async\" title=\"Hochzeitsfotograf-Schlossinsel-Landshut-SeviKoch\" src=\"https:\/\/sevikoch.de\/wp-content\/uploads\/2017\/06\/Hochzeitsfotograf-Bayern-96.jpg\" alt=\"Hochzeitsfotograf-Freising\" \/><br \/>\n<img decoding=\"async\" title=\"Hochzeitsfotograf-Schlossinsel-Landshut-SeviKoch\" src=\"https:\/\/sevikoch.de\/wp-content\/uploads\/2017\/06\/Hochzeitsfotograf-Bayern-83.jpg\" alt=\"Hochzeitsfotograf-Freising\" \/><br \/>\n<img decoding=\"async\" title=\"Hochzeitsfotograf-Schlossinsel-Landshut-SeviKoch\" src=\"https:\/\/sevikoch.de\/wp-content\/uploads\/2017\/06\/Hochzeitsfotograf-Bayern-98.jpg\" alt=\"Hochzeitsfotograf-Freising\" \/><br \/>\n<img decoding=\"async\" title=\"Hochzeitsfotograf-Schlossinsel-Landshut-SeviKoch\" src=\"https:\/\/sevikoch.de\/wp-content\/uploads\/2017\/06\/Hochzeitsfotograf-Bayern-81.jpg\" alt=\"Hochzeitsfotograf-Freising\" \/><br \/>\n<img decoding=\"async\" title=\"Hochzeitsfotograf-Schlossinsel-Landshut-SeviKoch\" src=\"https:\/\/sevikoch.de\/wp-content\/uploads\/2017\/06\/Hochzeitsfotograf-Bayern-107.jpg\" alt=\"Hochzeitsfotograf-Freising\" \/><br \/>\n<img decoding=\"async\" title=\"Hochzeitsfotograf-Schlossinsel-Landshut-SeviKoch\" src=\"https:\/\/sevikoch.de\/wp-content\/uploads\/2017\/06\/Hochzeitsfotograf-Bayern-102.jpg\" alt=\"Hochzeitsfotograf-Freising\" \/><br \/>\n<img decoding=\"async\" title=\"Hochzeitsfotograf-Schlossinsel-Landshut-SeviKoch\" src=\"https:\/\/sevikoch.de\/wp-content\/uploads\/2017\/06\/Hochzeitsfotograf-Bayern-104.jpg\" alt=\"Hochzeitsfotograf-Freising\" \/><br \/>\n<img decoding=\"async\" title=\"Hochzeitsfotograf-Schlossinsel-Landshut-SeviKoch\" src=\"https:\/\/sevikoch.de\/wp-content\/uploads\/2017\/06\/Hochzeitsfotograf-Bayern-114.jpg\" alt=\"Hochzeitsfotograf-Freising\" \/><br \/>\n<img decoding=\"async\" title=\"Hochzeitsfotograf-Schlossinsel-Landshut-SeviKoch\" src=\"https:\/\/sevikoch.de\/wp-content\/uploads\/2017\/06\/Hochzeitsfotograf-Bayern-108.jpg\" alt=\"Hochzeitsfotograf-Freising\" \/><br \/>\n<img decoding=\"async\" title=\"Hochzeitsfotograf-Schlossinsel-Landshut-SeviKoch\" src=\"https:\/\/sevikoch.de\/wp-content\/uploads\/2017\/06\/Hochzeitsfotograf-Bayern-117.jpg\" alt=\"Hochzeitsfotograf-Freising\" \/><br \/>\n<img decoding=\"async\" title=\"Hochzeitsfotograf-Schlossinsel-Landshut-SeviKoch\" src=\"https:\/\/sevikoch.de\/wp-content\/uploads\/2017\/06\/Hochzeitsfotograf-Bayern-118.jpg\" alt=\"Hochzeitsfotograf-Freising\" \/><br \/>\n<img decoding=\"async\" title=\"Hochzeitsfotograf-Schlossinsel-Landshut-SeviKoch\" src=\"https:\/\/sevikoch.de\/wp-content\/uploads\/2017\/06\/Hochzeitsfotograf-Bayern-147.jpg\" alt=\"Hochzeitsfotograf-Freising\" \/><br \/>\n<img decoding=\"async\" title=\"Hochzeitsfotograf-Schlossinsel-Landshut-SeviKoch\" src=\"https:\/\/sevikoch.de\/wp-content\/uploads\/2017\/06\/Hochzeitsfotograf-Bayern-5.jpg\" alt=\"Hochzeitsfotograf-Freising\" \/><br \/>\n<img decoding=\"async\" title=\"Hochzeitsfotograf-Schlossinsel-Landshut-SeviKoch\" src=\"https:\/\/sevikoch.de\/wp-content\/uploads\/2017\/06\/Hochzeitsfotograf-Bayern-26.jpg\" alt=\"Hochzeitsfotograf-Freising\" \/><br \/>\n<img decoding=\"async\" title=\"Hochzeitsfotograf-Schlossinsel-Landshut-SeviKoch\" src=\"https:\/\/sevikoch.de\/wp-content\/uploads\/2017\/06\/Hochzeitsfotograf-Bayern-23.jpg\" alt=\"Hochzeitsfotograf-Freising\" \/><br \/>\n<img decoding=\"async\" title=\"Hochzeitsfotograf-Schlossinsel-Landshut-SeviKoch\" src=\"https:\/\/sevikoch.de\/wp-content\/uploads\/2017\/06\/Hochzeitsfotograf-Bayern-25.jpg\" alt=\"Hochzeitsfotograf-Freising\" \/><\/p>\n","protected":false},"excerpt":{"rendered":"<p>Karyna &amp; Daniel Eine absolute Traumhochzeit durfte ich auf der Schlossinsel in Altraunhofen miterleben. Eine Hochzeit, auf der man sich definitv nicht als Dienstleister sondern als Gast, Augenzeuge vieler vieler wundervoller Momente und einfach nur sehr wohl f\u00fchlen durfte. Eine Hochzeit unter freiem Himmel &#8211; Jede Menge Platz f\u00fcr Emotionen und Gef\u00fchle. Von A bis...<\/p>\n","protected":false},"author":1,"featured_media":11555,"comment_status":"open","ping_status":"open","sticky":false,"template":"","format":"standard","meta":{"_exactmetrics_skip_tracking":false,"_exactmetrics_sitenote_active":false,"_exactmetrics_sitenote_note":"","_exactmetrics_sitenote_category":0,"pp_embeds":"","footnotes":""},"categories":[389],"tags":[21,471,472,185,470,46,468,74,469,22],"class_list":["post-11472","post","type-post","status-publish","format-standard","has-post-thumbnail","hentry","category-wedding","tag-fotograf-landshut","tag-freie-trauung-landshut","tag-freie-trauung-moosburg","tag-heiraten-in-landshut","tag-hochzeit-landshut-2017","tag-hochzeitsfotograf-landshut","tag-hochzeitsfotograf-moosburg","tag-hochzeitsreportage-landshut","tag-schlossinsel-altfraunhofen","tag-sevi-koch"],"_links":{"self":[{"href":"https:\/\/sevikoch.de\/index.php\/wp-json\/wp\/v2\/posts\/11472","targetHints":{"allow":["GET"]}}],"collection":[{"href":"https:\/\/sevikoch.de\/index.php\/wp-json\/wp\/v2\/posts"}],"about":[{"href":"https:\/\/sevikoch.de\/index.php\/wp-json\/wp\/v2\/types\/post"}],"author":[{"embeddable":true,"href":"https:\/\/sevikoch.de\/index.php\/wp-json\/wp\/v2\/users\/1"}],"replies":[{"embeddable":true,"href":"https:\/\/sevikoch.de\/index.php\/wp-json\/wp\/v2\/comments?post=11472"}],"version-history":[{"count":0,"href":"https:\/\/sevikoch.de\/index.php\/wp-json\/wp\/v2\/posts\/11472\/revisions"}],"wp:featuredmedia":[{"embeddable":true,"href":"https:\/\/sevikoch.de\/index.php\/wp-json\/wp\/v2\/media\/11555"}],"wp:attachment":[{"href":"https:\/\/sevikoch.de\/index.php\/wp-json\/wp\/v2\/media?parent=11472"}],"wp:term":[{"taxonomy":"category","embeddable":true,"href":"https:\/\/sevikoch.de\/index.php\/wp-json\/wp\/v2\/categories?post=11472"},{"taxonomy":"post_tag","embeddable":true,"href":"https:\/\/sevikoch.de\/index.php\/wp-json\/wp\/v2\/tags?post=11472"}],"curies":[{"name":"wp","href":"https:\/\/api.w.org\/{rel}","templated":true}]}}